{"id":246,"date":"2016-08-24T08:27:26","date_gmt":"2016-08-24T11:27:26","guid":{"rendered":"http:\/\/actualidadadiario.com\/site\/?p=246"},"modified":"2016-08-24T08:27:26","modified_gmt":"2016-08-24T11:27:26","slug":"al-menos-38-muertos-y-decenas-de-heridos-por-el-fuerte-terremoto-en-italia","status":"publish","type":"post","link":"https:\/\/www.actualidadadiario.com\/index.php\/2016\/08\/24\/al-menos-38-muertos-y-decenas-de-heridos-por-el-fuerte-terremoto-en-italia\/","title":{"rendered":"Al menos 38 muertos y decenas de heridos por el fuerte terremoto en Italia"},"content":{"rendered":"<h3><em>Tuvo una intensidad 6,0 grados en la escala de Richter, con epicentro en Perugia y Riete, centro del pa\u00eds. Las autoridades temen que haya m\u00e1s v\u00edctimas fatales ya que hay personas atrapadas bajo los escombros<\/em><\/h3>\n<p>&nbsp;<\/p>\n<p>&nbsp;<\/p>\n<p>&nbsp;<\/p>\n<p>Son 38 las personas que murieron a causa del sismo que esta madrugada sorprendi\u00f3 a la capital italiana, que hac\u00eda tiempo no viv\u00eda un temblor tan destructivo. Por tratarse de una zona monta\u00f1osa, la operaci\u00f3n de rescate, se hac\u00eda todav\u00eda m\u00e1s dif\u00edcil,\u00a0dijo la portavoz Immacolata Postiglione, quien adem\u00e1s aport\u00f3 el n\u00famero de v\u00edctimas fatales.<\/p>\n<p>Cinco de las v\u00edctimas fueron localizadas en Amatrice, ocho en Pescara del Tronto y seis de Accumuli, indic\u00f3 la fuente, citada por EFE.<\/p>\n<p>El Instituto Nacional de Geof\u00edsica y Vulcanolog\u00eda de Italia fij\u00f3 la intensidad de 6,0 grados del fen\u00f3meno y lo ubic\u00f3 cerca de la poblaci\u00f3n de Accumoli, en la provincia de Rieti, y su epicentro lo situ\u00f3 a tan solo 4 kil\u00f3metros de profundidad.<\/p>\n","protected":false},"excerpt":{"rendered":"<p>Tuvo una intensidad 6,0 grados en la escala de Richter, con epicentro en Perugia y Riete, centro del pa\u00eds. Las autoridades temen que haya m\u00e1s v\u00edctimas fatales ya que hay personas atrapadas bajo los escombros &nbsp; &nbsp; &nbsp; Son 38 las personas que murieron a causa del sismo que esta madrugada sorprendi\u00f3 a la capital italiana, que hac\u00eda tiempo no viv\u00eda un temblor tan destructivo. Por tratarse de una zona monta\u00f1osa, la operaci\u00f3n de rescate, se hac\u00eda todav\u00eda m\u00e1s dif\u00edcil,\u00a0dijo la portavoz Immacolata Postiglione, quien adem\u00e1s aport\u00f3 el n\u00famero de&#8230;<\/p>\n","protected":false},"author":3,"featured_media":247,"comment_status":"closed","ping_status":"open","sticky":false,"template":"","format":"standard","meta":[],"categories":[4],"tags":[],"_links":{"self":[{"href":"https:\/\/www.actualidadadiario.com\/index.php\/wp-json\/wp\/v2\/posts\/246"}],"collection":[{"href":"https:\/\/www.actualidadadiario.com\/index.php\/wp-json\/wp\/v2\/posts"}],"about":[{"href":"https:\/\/www.actualidadadiario.com\/index.php\/wp-json\/wp\/v2\/types\/post"}],"author":[{"embeddable":true,"href":"https:\/\/www.actualidadadiario.com\/index.php\/wp-json\/wp\/v2\/users\/3"}],"replies":[{"embeddable":true,"href":"https:\/\/www.actualidadadiario.com\/index.php\/wp-json\/wp\/v2\/comments?post=246"}],"version-history":[{"count":1,"href":"https:\/\/www.actualidadadiario.com\/index.php\/wp-json\/wp\/v2\/posts\/246\/revisions"}],"predecessor-version":[{"id":248,"href":"https:\/\/www.actualidadadiario.com\/index.php\/wp-json\/wp\/v2\/posts\/246\/revisions\/248"}],"wp:featuredmedia":[{"embeddable":true,"href":"https:\/\/www.actualidadadiario.com\/index.php\/wp-json\/wp\/v2\/media\/247"}],"wp:attachment":[{"href":"https:\/\/www.actualidadadiario.com\/index.php\/wp-json\/wp\/v2\/media?parent=246"}],"wp:term":[{"taxonomy":"category","embeddable":true,"href":"https:\/\/www.actualidadadiario.com\/index.php\/wp-json\/wp\/v2\/categories?post=246"},{"taxonomy":"post_tag","embeddable":true,"href":"https:\/\/www.actualidadadiario.com\/index.php\/wp-json\/wp\/v2\/tags?post=246"}],"curies":[{"name":"wp","href":"https:\/\/api.w.org\/{rel}","templated":true}]}}