{"id":240,"date":"2016-08-24T08:24:59","date_gmt":"2016-08-24T11:24:59","guid":{"rendered":"http:\/\/actualidadadiario.com\/site\/?p=240"},"modified":"2016-08-24T08:24:59","modified_gmt":"2016-08-24T11:24:59","slug":"debuta-juliana-con-viaje-a-entre-rios","status":"publish","type":"post","link":"https:\/\/www.actualidadadiario.com\/index.php\/2016\/08\/24\/debuta-juliana-con-viaje-a-entre-rios\/","title":{"rendered":"Debuta Juliana con viaje a Entre R\u00edos"},"content":{"rendered":"<p><em><strong>La primera dama, Juliana Awada, debutar\u00e1 ma\u00f1ana con un discreto viaje oficial a Entre R\u00edos junto a la ministra de Desarrollo Social, Carolina Stanley.<\/strong><\/em><\/p>\n<p>&nbsp;<\/p>\n<p>&nbsp;<\/p>\n<p>&nbsp;<\/p>\n<p>La esposa de Mauricio Macri visitar\u00e1 la localidad de Paran\u00e1, donde presenciar\u00e1 acciones de asistencia social aunque la actividad ser\u00e1 cerrada y buscar\u00e1 mantener un perfil bajo alejado de las c\u00e1maras y las especulaciones pol\u00edticas.<\/p>\n<p>&nbsp;<\/p>\n<p>Es la primera vez que Awada emprende un viaje sola junto con un integrante del Gobierno, ya que la primera dama se mantiene alejada de la interna pol\u00edtica y del gabinete nacional, un perfil que contrasta con la sobreexposici\u00f3n que tuvo Karina Rabolini durante la \u00faltima campa\u00f1a presidencial junto a Daniel Scioli.<\/p>\n<p>&nbsp;<\/p>\n<p>La exmodelo presid\u00eda la Fundaci\u00f3n Bapro y hac\u00eda campa\u00f1a expl\u00edcita por su marido, que en ese momento compet\u00eda con Macri por la presidencia de la Naci\u00f3n.<\/p>\n<p>&nbsp;<\/p>\n<p>La actividad de Awada ser\u00e1 cerrada y alejada de los flashes.<\/p>\n","protected":false},"excerpt":{"rendered":"<p>La primera dama, Juliana Awada, debutar\u00e1 ma\u00f1ana con un discreto viaje oficial a Entre R\u00edos junto a la ministra de Desarrollo Social, Carolina Stanley. &nbsp; &nbsp; &nbsp; La esposa de Mauricio Macri visitar\u00e1 la localidad de Paran\u00e1, donde presenciar\u00e1 acciones de asistencia social aunque la actividad ser\u00e1 cerrada y buscar\u00e1 mantener un perfil bajo alejado de las c\u00e1maras y las especulaciones pol\u00edticas. &nbsp; Es la primera vez que Awada emprende un viaje sola junto con un integrante del Gobierno, ya que la primera dama se mantiene alejada de la interna&#8230;<\/p>\n","protected":false},"author":3,"featured_media":241,"comment_status":"closed","ping_status":"open","sticky":false,"template":"","format":"standard","meta":[],"categories":[2],"tags":[],"_links":{"self":[{"href":"https:\/\/www.actualidadadiario.com\/index.php\/wp-json\/wp\/v2\/posts\/240"}],"collection":[{"href":"https:\/\/www.actualidadadiario.com\/index.php\/wp-json\/wp\/v2\/posts"}],"about":[{"href":"https:\/\/www.actualidadadiario.com\/index.php\/wp-json\/wp\/v2\/types\/post"}],"author":[{"embeddable":true,"href":"https:\/\/www.actualidadadiario.com\/index.php\/wp-json\/wp\/v2\/users\/3"}],"replies":[{"embeddable":true,"href":"https:\/\/www.actualidadadiario.com\/index.php\/wp-json\/wp\/v2\/comments?post=240"}],"version-history":[{"count":1,"href":"https:\/\/www.actualidadadiario.com\/index.php\/wp-json\/wp\/v2\/posts\/240\/revisions"}],"predecessor-version":[{"id":242,"href":"https:\/\/www.actualidadadiario.com\/index.php\/wp-json\/wp\/v2\/posts\/240\/revisions\/242"}],"wp:featuredmedia":[{"embeddable":true,"href":"https:\/\/www.actualidadadiario.com\/index.php\/wp-json\/wp\/v2\/media\/241"}],"wp:attachment":[{"href":"https:\/\/www.actualidadadiario.com\/index.php\/wp-json\/wp\/v2\/media?parent=240"}],"wp:term":[{"taxonomy":"category","embeddable":true,"href":"https:\/\/www.actualidadadiario.com\/index.php\/wp-json\/wp\/v2\/categories?post=240"},{"taxonomy":"post_tag","embeddable":true,"href":"https:\/\/www.actualidadadiario.com\/index.php\/wp-json\/wp\/v2\/tags?post=240"}],"curies":[{"name":"wp","href":"https:\/\/api.w.org\/{rel}","templated":true}]}}