{"id":22993,"date":"2018-02-01T12:34:00","date_gmt":"2018-02-01T15:34:00","guid":{"rendered":"http:\/\/actualidadadiario.com\/site\/?p=22993"},"modified":"2018-11-06T19:51:12","modified_gmt":"2018-11-06T22:51:12","slug":"marcha-para-pedir-verdad-y-justicia-a-seis-meses-de-la-desaparicion-de-maldonado","status":"publish","type":"post","link":"https:\/\/www.actualidadadiario.com\/index.php\/2018\/02\/01\/marcha-para-pedir-verdad-y-justicia-a-seis-meses-de-la-desaparicion-de-maldonado\/","title":{"rendered":"Marcha para pedir &#8220;Verdad y Justicia&#8221;, a seis meses de la desaparici\u00f3n de Maldonado"},"content":{"rendered":"<p><em><strong>As\u00ed lo har\u00e1n en el marco de un encuentro, organizado por los propios familiares del joven artesano, que se ser\u00e1 esta tarde, a partir de las 17, en el auditorio del gremio de los telef\u00f3nicos, Foetra, en Almagro<\/strong><\/em><\/p>\n<p>&nbsp;<\/p>\n<p>&nbsp;<\/p>\n<p>&nbsp;<\/p>\n<p>Dirigentes pol\u00edticos, sociales, sindicales y de derechos humanos volver\u00e1n a reclamar hoy por &#8220;Verdad y Justicia&#8221;, al cumplirse seis meses de la desaparici\u00f3n de Santiago Maldonado durante un operativo de Gendarmer\u00eda en una comunidad mapuche del noroeste de Chubut, y cuyo cuerpo fue encontrado en el R\u00edo Chubut el 17 de octubre pasado, sin que pudieran establecerse las circunstancias de su muerte.<\/p>\n<p>&nbsp;<\/p>\n<p>As\u00ed lo har\u00e1n en el marco de un encuentro, organizado por los propios familiares del joven artesano, que se desarrollar\u00e1 esta tarde, a partir de las 17, en el auditorio del gremio de los telef\u00f3nicos, Foetra, ubicado en Hip\u00f3lito Yrigoyen 3171, del barrio porte\u00f1o de Almagro.<\/p>\n<p>&nbsp;<\/p>\n<p>Acompa\u00f1ado por una muestra de fotograf\u00edas titulada &#8220;Donde est\u00e9s con tu alma&#8221;, la actividad incluir\u00e1 una serie de charlas, una de ellas con la participaci\u00f3n de dirigentes sociales y pol\u00edticos, otra con periodistas, otra con referentes de organizaciones de derechos humanos, y, finalmente, a las 21, una con integrantes de la familia y el equipo que la asiste en su querella en la causa.<\/p>\n<p>&nbsp;<\/p>\n<p>La titular de Abuelas de Plaza de Mayo, Estela Carlotto; la directora ejecutiva del cap\u00edtulo argentino de la organizaci\u00f3n Amnist\u00eda Internacional, Mariela Belsky; y el ex juez platense Carlos Rozanski, ser\u00e1n los participantes de la mesa que se desarrollar\u00e1 a partir de las 20 en el auditorio de Foetra.<\/p>\n<p>&nbsp;<\/p>\n<p>Previamente, ser\u00e1 el turno, a las 18, de una mesa que tendr\u00e1 como protagonistas a los\u00a0 diputados Victoria Donda (Libres del Sur), Horacio Pietragalla (Unidad Ciudadana) y Myriam Bregman (Partido de los Trabajadores Socialistas), y el titular de la Confederaci\u00f3n de Trabajadores de la Econom\u00eda Popular (Ctep), Juan Grabois.<\/p>\n<p>&nbsp;<\/p>\n<p>En tanto, a las 19, tendr\u00e1 lugar una charla con la participaci\u00f3n de los periodistas Sebasti\u00e1n Premici, Fernando Soriano, Cecilia Gonz\u00e1lez, Maxi Goldschmidt y Mario Wainfeld.<\/p>\n<p>&nbsp;<\/p>\n<p>El cierre, previsto para las 21, estar\u00e1 a cargo del hermano de Santiago Maldonado, Sergio Maldonado; de la cu\u00f1ada, Andrea Antico; de la abogada Ver\u00f3nica Heredia; del perito Alejandro Inch\u00e1ustegui; y de la psic\u00f3loga Mirta Fabre.<\/p>\n<p>&nbsp;<\/p>\n<p>&#8220;Familia y amigos de Santiago Maldonado invitamos al encuentro, en el que volveremos a pedir Justicia y Verdad para Santiago&#8221;, aseveraron los allegados al joven artesano por medio de un comunicado difundido en la p\u00e1gina www.santiagomaldonado.com.<\/p>\n","protected":false},"excerpt":{"rendered":"<p>As\u00ed lo har\u00e1n en el marco de un encuentro, organizado por los propios familiares del joven artesano, que se ser\u00e1 esta tarde, a partir de las 17, en el auditorio del gremio de los telef\u00f3nicos, Foetra, en Almagro &nbsp; &nbsp; &nbsp; Dirigentes pol\u00edticos, sociales, sindicales y de derechos humanos volver\u00e1n a reclamar hoy por &#8220;Verdad y Justicia&#8221;, al cumplirse seis meses de la desaparici\u00f3n de Santiago Maldonado durante un operativo de Gendarmer\u00eda en una comunidad mapuche del noroeste de Chubut, y cuyo cuerpo fue encontrado en el R\u00edo Chubut el&#8230;<\/p>\n","protected":false},"author":3,"featured_media":22994,"comment_status":"closed","ping_status":"closed","sticky":false,"template":"","format":"standard","meta":[],"categories":[4],"tags":[],"_links":{"self":[{"href":"https:\/\/www.actualidadadiario.com\/index.php\/wp-json\/wp\/v2\/posts\/22993"}],"collection":[{"href":"https:\/\/www.actualidadadiario.com\/index.php\/wp-json\/wp\/v2\/posts"}],"about":[{"href":"https:\/\/www.actualidadadiario.com\/index.php\/wp-json\/wp\/v2\/types\/post"}],"author":[{"embeddable":true,"href":"https:\/\/www.actualidadadiario.com\/index.php\/wp-json\/wp\/v2\/users\/3"}],"replies":[{"embeddable":true,"href":"https:\/\/www.actualidadadiario.com\/index.php\/wp-json\/wp\/v2\/comments?post=22993"}],"version-history":[{"count":1,"href":"https:\/\/www.actualidadadiario.com\/index.php\/wp-json\/wp\/v2\/posts\/22993\/revisions"}],"predecessor-version":[{"id":22995,"href":"https:\/\/www.actualidadadiario.com\/index.php\/wp-json\/wp\/v2\/posts\/22993\/revisions\/22995"}],"wp:featuredmedia":[{"embeddable":true,"href":"https:\/\/www.actualidadadiario.com\/index.php\/wp-json\/wp\/v2\/media\/22994"}],"wp:attachment":[{"href":"https:\/\/www.actualidadadiario.com\/index.php\/wp-json\/wp\/v2\/media?parent=22993"}],"wp:term":[{"taxonomy":"category","embeddable":true,"href":"https:\/\/www.actualidadadiario.com\/index.php\/wp-json\/wp\/v2\/categories?post=22993"},{"taxonomy":"post_tag","embeddable":true,"href":"https:\/\/www.actualidadadiario.com\/index.php\/wp-json\/wp\/v2\/tags?post=22993"}],"curies":[{"name":"wp","href":"https:\/\/api.w.org\/{rel}","templated":true}]}}