{"id":22987,"date":"2018-02-01T12:32:17","date_gmt":"2018-02-01T15:32:17","guid":{"rendered":"http:\/\/actualidadadiario.com\/site\/?p=22987"},"modified":"2018-11-06T19:49:24","modified_gmt":"2018-11-06T22:49:24","slug":"el-senado-polaco-adopta-una-polemica-ley-sobre-el-holocausto-criticada-por-israel","status":"publish","type":"post","link":"https:\/\/www.actualidadadiario.com\/index.php\/2018\/02\/01\/el-senado-polaco-adopta-una-polemica-ley-sobre-el-holocausto-criticada-por-israel\/","title":{"rendered":"El Senado polaco adopta una pol\u00e9mica ley sobre el Holocausto criticada por Israel"},"content":{"rendered":"<p><em><strong>El senado polaco adopt\u00f3 en la madrugada del jueves una controvertida ley sobre el Holocausto que tiene como objetivo defender la imagen del pa\u00eds, pero que fue criticada por Israel que acusa a Varsovia de &#8220;querer reescribir la historia&#8221;<\/strong><\/em><\/p>\n<p>&nbsp;<\/p>\n<p>&nbsp;<\/p>\n<p>&nbsp;<\/p>\n<p>La ley aprobada por 57 votos a favor con 23 en contra y dos abstenciones debe ahora ser firmada por el presidente polaco Andrzej Duda para poder entrar en vigor, en un plazo de 21 d\u00edas.<\/p>\n<p>&nbsp;<\/p>\n<p>El proyecto prev\u00e9 hasta tres a\u00f1os de prisi\u00f3n o una multa a toda persona que utilice la expresi\u00f3n &#8220;campos de la muerte polacos&#8221; para calificar los campos de exterminio instalados por los nazis durante la Segunda Guerra Mundial. Para los conservadores polacos, el uso del t\u00e9rmino &#8220;campo de la muerte polaco&#8221; da la impresi\u00f3n de que su pa\u00eds es responsable del holocausto jud\u00edo.<\/p>\n<p>&nbsp;<\/p>\n<p>Seg\u00fan Israel, este texto es un intento de negar la participaci\u00f3n de Polonia en el exterminio de los jud\u00edos por los nazis.<\/p>\n<p>&nbsp;<\/p>\n<p>Despu\u00e9s de la adopci\u00f3n del proyecto de ley por la c\u00e1mara baja el viernes, el primer ministro Benjamin Netanyahu protest\u00f3 efusivamente. &#8220;No vamos a tolerar que se deforme la verdad y se reescriba la historia o que se niegue el Holocausto&#8221;, dijo.<\/p>\n<p>&nbsp;<\/p>\n<p>El senado adopt\u00f3 el texto sin ninguna modificaci\u00f3n. El lunes, Duda dijo estar &#8220;at\u00f3nito&#8221; por la reacci\u00f3n de Israel. &#8220;No podemos dar marcha atr\u00e1s, tenemos derecho a defender la verdad hist\u00f3rica&#8221;, dijo.<\/p>\n<p>&nbsp;<\/p>\n<p>&nbsp;<\/p>\n<p><strong>Inquietud en Estados Unidos <\/strong><\/p>\n<p>El mi\u00e9rcoles durante el debate, el viceministro de Justicia, Patryk Jaki, dijo que la violencia de la reacci\u00f3n de Israel de deb\u00eda en parte a cuestiones de pol\u00edtica interna.<\/p>\n<p>&nbsp;<\/p>\n<p>Estados Unidos expres\u00f3 su temor sobre las &#8220;consecuencias&#8221; de esta ley y llam\u00f3 a Varsovia a reconsiderarlo.<\/p>\n<p>&nbsp;<\/p>\n<p>&#8220;Estamos de acuerdo en que expresiones como &#8216;campos de la muerte polacos&#8217; son inexactas, susceptibles de inducir a errores y ser hirientes&#8221;, declar\u00f3 la portavoz del Departamento de Estado, Heather Nauert, en un comunicado. &#8220;Pero nos preocupa que ese proyecto de ley, si es promulgado, afecte la libertad de expresi\u00f3n y el debate hist\u00f3rico&#8221;, agreg\u00f3.<\/p>\n<p>&nbsp;<\/p>\n<p>La ley podr\u00eda tener tambi\u00e9n &#8220;repercusiones&#8221; sobre &#8220;los intereses y relaciones estrat\u00e9gicas de Polonia, incluso con Estados Unidos e Israel&#8221;, advirti\u00f3, estimando que eventuales divisiones entre aliados &#8220;beneficien a nuestros rivales&#8221;.<\/p>\n<p>&nbsp;<\/p>\n<p>Seis millones de polacos, entre ellos tres millones de jud\u00edos, murieron durante la Segunda Guerra Mundial.<\/p>\n<p>&nbsp;<\/p>\n<p>Durante la ocupaci\u00f3n, Polonia fue el \u00fanico territorio en el que los alemanes decretaron que cualquier ayuda para los jud\u00edos pod\u00eda ser castigada con la muerte.<\/p>\n<p>&nbsp;<\/p>\n<p>El memorial de Yad Vashem en Jerusal\u00e9n, dedicado a la memoria del Holocausto, ha identificado a 6.700 polacos distinguidos como &#8220;justos de las naciones&#8221; por haber ayudado a los jud\u00edos durante la ocupaci\u00f3n. Yad Vashem tambi\u00e9n se declar\u00f3 en contra de este proyecto.<\/p>\n<p>&nbsp;<\/p>\n<p>&#8220;Esta ley puede confundir la verdad hist\u00f3rica con respecto a la asistencia que los alemanes tuvieron de la poblaci\u00f3n polaca durante el Holocausto&#8221;, dijo la instituci\u00f3n en un comunicado que sin embargo reconoci\u00f3 &#8220;que no quedan dudas que el t\u00e9rmino &#8216;campos de la muerte polacos&#8217; constituye una interpretaci\u00f3n err\u00f3nea de la historia&#8221;.<\/p>\n","protected":false},"excerpt":{"rendered":"<p>El senado polaco adopt\u00f3 en la madrugada del jueves una controvertida ley sobre el Holocausto que tiene como objetivo defender la imagen del pa\u00eds, pero que fue criticada por Israel que acusa a Varsovia de &#8220;querer reescribir la historia&#8221; &nbsp; &nbsp; &nbsp; La ley aprobada por 57 votos a favor con 23 en contra y dos abstenciones debe ahora ser firmada por el presidente polaco Andrzej Duda para poder entrar en vigor, en un plazo de 21 d\u00edas. &nbsp; El proyecto prev\u00e9 hasta tres a\u00f1os de prisi\u00f3n o una multa&#8230;<\/p>\n","protected":false},"author":3,"featured_media":22988,"comment_status":"closed","ping_status":"closed","sticky":false,"template":"","format":"standard","meta":[],"categories":[4],"tags":[],"_links":{"self":[{"href":"https:\/\/www.actualidadadiario.com\/index.php\/wp-json\/wp\/v2\/posts\/22987"}],"collection":[{"href":"https:\/\/www.actualidadadiario.com\/index.php\/wp-json\/wp\/v2\/posts"}],"about":[{"href":"https:\/\/www.actualidadadiario.com\/index.php\/wp-json\/wp\/v2\/types\/post"}],"author":[{"embeddable":true,"href":"https:\/\/www.actualidadadiario.com\/index.php\/wp-json\/wp\/v2\/users\/3"}],"replies":[{"embeddable":true,"href":"https:\/\/www.actualidadadiario.com\/index.php\/wp-json\/wp\/v2\/comments?post=22987"}],"version-history":[{"count":1,"href":"https:\/\/www.actualidadadiario.com\/index.php\/wp-json\/wp\/v2\/posts\/22987\/revisions"}],"predecessor-version":[{"id":22989,"href":"https:\/\/www.actualidadadiario.com\/index.php\/wp-json\/wp\/v2\/posts\/22987\/revisions\/22989"}],"wp:featuredmedia":[{"embeddable":true,"href":"https:\/\/www.actualidadadiario.com\/index.php\/wp-json\/wp\/v2\/media\/22988"}],"wp:attachment":[{"href":"https:\/\/www.actualidadadiario.com\/index.php\/wp-json\/wp\/v2\/media?parent=22987"}],"wp:term":[{"taxonomy":"category","embeddable":true,"href":"https:\/\/www.actualidadadiario.com\/index.php\/wp-json\/wp\/v2\/categories?post=22987"},{"taxonomy":"post_tag","embeddable":true,"href":"https:\/\/www.actualidadadiario.com\/index.php\/wp-json\/wp\/v2\/tags?post=22987"}],"curies":[{"name":"wp","href":"https:\/\/api.w.org\/{rel}","templated":true}]}}