{"id":22972,"date":"2018-02-01T12:27:52","date_gmt":"2018-02-01T15:27:52","guid":{"rendered":"http:\/\/actualidadadiario.com\/site\/?p=22972"},"modified":"2018-11-06T19:51:06","modified_gmt":"2018-11-06T22:51:06","slug":"macri-se-endurece-y-ordena-a-los-legisladores-ratificar-el-megadecreto","status":"publish","type":"post","link":"https:\/\/www.actualidadadiario.com\/index.php\/2018\/02\/01\/macri-se-endurece-y-ordena-a-los-legisladores-ratificar-el-megadecreto\/","title":{"rendered":"Macri se endurece y ordena a los legisladores ratificar el megadecreto"},"content":{"rendered":"<p><em><strong>Fernando S\u00e1nchez instruy\u00f3 a los miembros de la bicameral. S\u00f3lo si se une la oposici\u00f3n habr\u00e1 leyes parches<\/strong><\/em><\/p>\n<p>&nbsp;<\/p>\n<p>&nbsp;<\/p>\n<p>&nbsp;<\/p>\n<p>El Gobierno le pidi\u00f3 a sus legisladores aprobar el dictamen del mega decreto de desburocratizaci\u00f3n del Estado, pese a que todas las fuerzas opositoras se expresaron en contra y podr\u00edan anularlo en el recinto.<\/p>\n<p>&nbsp;<\/p>\n<p>&#8220;Vamos a aprobar el decreto y que se aplique. Si luego hay problemas habr\u00e1 leyes aparte, pero reci\u00e9n en marzo o abril&#8221;, instruy\u00f3 el secretario de Fortalecimiento Institucional Fernando S\u00e1nchez a los diputados y senadores de Cambiemos que integran la bicameral de tr\u00e1mite parlamentario, que el martes 6 a las 15.30 se reunir\u00e1 a tratar el pol\u00e9mico DNU.<\/p>\n<p>&nbsp;<\/p>\n<p>Ungido como enlace del Congreso, S\u00e1nchez convoc\u00f3 a esta reuni\u00f3n de urgencia ayer, tras escuchar a Nicol\u00e1s Massot, jefe del bloque PRO, sugerir la posibilidad de promover leyes para corregir art\u00edculos pol\u00e9micos del decreto, como el que habilita a embargar las cuentas sueldos o a crear fideicomisos con fondos de Anses.<\/p>\n<p>&nbsp;<\/p>\n<p>&#8220;No descarto que esto se pueda transformar en ley&#8221;, dijo Massot y descoloc\u00f3 a los legisladores oficialistas de la bicameral, donde una maniobra de Emilio Monz\u00f3 le garantiz\u00f3 la mayor\u00eda propia.<\/p>\n<p>&nbsp;<\/p>\n<p>En el oficialismo creen que Massot, mano derecha de Monz\u00f3, intent\u00f3 bajar la tensi\u00f3n con el interbloque federal presidido por el salte\u00f1o Pablo Kosiner, que anunci\u00f3 su rechazo al decreto ni bien fue firmado. Al presidente de la C\u00e1mara tampoco le agrada que Macri se acostumbre a ignorar al Congreso y complique la convivencia con sus aliados naturales.<\/p>\n<p>&nbsp;<\/p>\n<p>Pronto se sum\u00f3 una presentaci\u00f3n judicial del Frente Renovador y un repudio de Miguel Pichetto que dej\u00f3 un escenario peligroso para el Gobierno: si la oposici\u00f3n se une en ambas c\u00e1maras puede anular un decreto, aunque tenga dictamen de comisi\u00f3n favorable.<\/p>\n<p>&nbsp;<\/p>\n<p>S\u00e1nchez fue claro: si ese riesgo se materializa en llamados a sesiones aparecer\u00e1n leyes compensatorias, pero si no el decreto regir\u00e1 normalmente. Especulan con que, pese a las declaraciones p\u00fablicas, Kosiner y Pichetto no se atrevan a juntarse con el kirchnerismo ante las c\u00e1maras.<\/p>\n<p>&nbsp;<\/p>\n<p>Para evitarlo, el \u201clilito\u201d llev\u00f3 a varios funcionarios a justificar asuntos pol\u00e9micos. &#8220;Entregamos 70 mil millones de pesos en cr\u00e9ditos, para continuar con esta pol\u00edtica necesitamos crear fideicomisos&#8221;, explicaron las autoridades del Fondo de Garant\u00edas de Sustentabilidad (FGS) de Anses.<\/p>\n<p>&nbsp;<\/p>\n<p>Segundas l\u00edneas del Ministerio de Producci\u00f3n justificaron poder embargar sueldos para reactivar el sistema de cr\u00e9ditos. Y Guillermo Dietrich fue en persona a explicar algunos art\u00edculos de Transporte, como el que habilita los camiones de doble acoplado.<\/p>\n<p>&nbsp;<\/p>\n<p>&#8220;La mayor\u00eda de las leyes que se derogan est\u00e1n en desuso. El decreto no es malo. S\u00f3lo que no est\u00e1 bien el clima en el Congreso despu\u00e9s de la reforma previsional&#8221;, se lament\u00f3 uno de los legisladores que fue hasta la Rosada y el martes respaldar\u00e1 la pol\u00e9mica norma del presidente.<\/p>\n","protected":false},"excerpt":{"rendered":"<p>Fernando S\u00e1nchez instruy\u00f3 a los miembros de la bicameral. S\u00f3lo si se une la oposici\u00f3n habr\u00e1 leyes parches &nbsp; &nbsp; &nbsp; El Gobierno le pidi\u00f3 a sus legisladores aprobar el dictamen del mega decreto de desburocratizaci\u00f3n del Estado, pese a que todas las fuerzas opositoras se expresaron en contra y podr\u00edan anularlo en el recinto. &nbsp; &#8220;Vamos a aprobar el decreto y que se aplique. Si luego hay problemas habr\u00e1 leyes aparte, pero reci\u00e9n en marzo o abril&#8221;, instruy\u00f3 el secretario de Fortalecimiento Institucional Fernando S\u00e1nchez a los diputados y&#8230;<\/p>\n","protected":false},"author":3,"featured_media":22973,"comment_status":"closed","ping_status":"closed","sticky":false,"template":"","format":"standard","meta":[],"categories":[18],"tags":[],"_links":{"self":[{"href":"https:\/\/www.actualidadadiario.com\/index.php\/wp-json\/wp\/v2\/posts\/22972"}],"collection":[{"href":"https:\/\/www.actualidadadiario.com\/index.php\/wp-json\/wp\/v2\/posts"}],"about":[{"href":"https:\/\/www.actualidadadiario.com\/index.php\/wp-json\/wp\/v2\/types\/post"}],"author":[{"embeddable":true,"href":"https:\/\/www.actualidadadiario.com\/index.php\/wp-json\/wp\/v2\/users\/3"}],"replies":[{"embeddable":true,"href":"https:\/\/www.actualidadadiario.com\/index.php\/wp-json\/wp\/v2\/comments?post=22972"}],"version-history":[{"count":1,"href":"https:\/\/www.actualidadadiario.com\/index.php\/wp-json\/wp\/v2\/posts\/22972\/revisions"}],"predecessor-version":[{"id":22974,"href":"https:\/\/www.actualidadadiario.com\/index.php\/wp-json\/wp\/v2\/posts\/22972\/revisions\/22974"}],"wp:featuredmedia":[{"embeddable":true,"href":"https:\/\/www.actualidadadiario.com\/index.php\/wp-json\/wp\/v2\/media\/22973"}],"wp:attachment":[{"href":"https:\/\/www.actualidadadiario.com\/index.php\/wp-json\/wp\/v2\/media?parent=22972"}],"wp:term":[{"taxonomy":"category","embeddable":true,"href":"https:\/\/www.actualidadadiario.com\/index.php\/wp-json\/wp\/v2\/categories?post=22972"},{"taxonomy":"post_tag","embeddable":true,"href":"https:\/\/www.actualidadadiario.com\/index.php\/wp-json\/wp\/v2\/tags?post=22972"}],"curies":[{"name":"wp","href":"https:\/\/api.w.org\/{rel}","templated":true}]}}