{"id":22966,"date":"2018-02-01T12:26:16","date_gmt":"2018-02-01T15:26:16","guid":{"rendered":"http:\/\/actualidadadiario.com\/site\/?p=22966"},"modified":"2018-11-06T19:48:06","modified_gmt":"2018-11-06T22:48:06","slug":"camano-no-entiendo-como-triaca-no-tiene-el-pudor-de-la-renuncia-se-tiene-que-ir","status":"publish","type":"post","link":"https:\/\/www.actualidadadiario.com\/index.php\/2018\/02\/01\/camano-no-entiendo-como-triaca-no-tiene-el-pudor-de-la-renuncia-se-tiene-que-ir\/","title":{"rendered":"Cama\u00f1o: &#8220;No entiendo como Triaca no tiene el pudor de la renuncia, se tiene que ir&#8221;"},"content":{"rendered":"<p><em><strong>La presidenta del bloque de diputados del Frente Renovador volvi\u00f3 a apuntar contra el ministro de Trabajo<\/strong><\/em><\/p>\n<p>&nbsp;<\/p>\n<p>&nbsp;<\/p>\n<p>La presidenta del bloque de diputados del Frente Renovador, Graciela Cama\u00f1o, volvi\u00f3 a pedir este mi\u00e9rcoles la salida del ministro de Trabajo, Jorge Triaca, al indicar que no &#8220;entiende&#8221; c\u00f3mo el funcionario &#8220;no tiene el pudor de la renuncia&#8221;.<\/p>\n<p>&nbsp;<\/p>\n<p>&#8220;Yo entiendo que Mauricio Macri defienda a Jorge Triaca porque ha estado con \u00e9l desde el primer d\u00eda. Lo que no entiendo es c\u00f3mo Triaca no tiene el pudor de la renuncia, se tiene que ir. No tiene que esperar que le acepten la renuncia&#8221;, indic\u00f3 la diputada massista, seg\u00fan consign\u00f3 la agencia Noticias Argentinas.<\/p>\n<p>&nbsp;<\/p>\n<p>En ese marco opin\u00f3 que &#8220;al principio del Gobierno de Mauricio Macri&#8221; se vot\u00f3 &#8220;la ley antidespidos&#8221;, por lo que se\u00f1al\u00f3 que &#8220;la p\u00e9rdida de puestos de trabajo es responsabilidad del ministro&#8221; de la cartera laboral.<\/p>\n<p>&nbsp;<\/p>\n<p>&#8220;Ayer, mientras le d\u00e1bamos el apoyo a los trabajadores de R\u00edo Turbio, la empresa Cargill, que no puede decir que est\u00e1 perdiendo plata, despidi\u00f3 a trabajadores. Y c\u00f3mo no va a despedir si el ejemplo se lo est\u00e1 dando el Estado despidiendo trabajadores por Whatsapp&#8221;, se quej\u00f3.<\/p>\n<p>&nbsp;<\/p>\n<p>La diputada nacional tambi\u00e9n se refiri\u00f3 al Decreto de Necesidad y Urgencia (DNU) impulsado por Macri para desregular y desburocratizar el Estado y, al respecto, cuestion\u00f3 que haya sido ingresado al Congreso luego de que el Frente Renovador presentara una &#8220;acci\u00f3n de inconstitucionalidad ante la Justicia&#8221;.<\/p>\n<p>&nbsp;<\/p>\n<p>&#8220;Si Cambiemos sigue con la costumbre de no tratar los decretos de necesidad y urgencia en el recinto yo seguir\u00e9 con la acci\u00f3n judicial. Claramente se pod\u00eda tratar en un proyecto de ley y es un exceso del poder Ejecutivo el legislar por DNU&#8221;, advirti\u00f3 Cama\u00f1o.<\/p>\n<p>&nbsp;<\/p>\n<p>&#8220;El mega decreto no es un decreto de modernizaci\u00f3n. S\u00f3lo se limita al movimiento de mercader\u00edas, por eso hay reformas en la Aduana, el c\u00f3digo aeron\u00e1utico, en el transporte terrestre, eliminando controles incluso en la obra p\u00fablica para agilizar el traslado de mercader\u00edas. Facilita todo al club de amigos&#8221;, concluy\u00f3.<\/p>\n","protected":false},"excerpt":{"rendered":"<p>La presidenta del bloque de diputados del Frente Renovador volvi\u00f3 a apuntar contra el ministro de Trabajo &nbsp; &nbsp; La presidenta del bloque de diputados del Frente Renovador, Graciela Cama\u00f1o, volvi\u00f3 a pedir este mi\u00e9rcoles la salida del ministro de Trabajo, Jorge Triaca, al indicar que no &#8220;entiende&#8221; c\u00f3mo el funcionario &#8220;no tiene el pudor de la renuncia&#8221;. &nbsp; &#8220;Yo entiendo que Mauricio Macri defienda a Jorge Triaca porque ha estado con \u00e9l desde el primer d\u00eda. Lo que no entiendo es c\u00f3mo Triaca no tiene el pudor de la&#8230;<\/p>\n","protected":false},"author":3,"featured_media":22967,"comment_status":"closed","ping_status":"closed","sticky":false,"template":"","format":"standard","meta":[],"categories":[9,18],"tags":[],"_links":{"self":[{"href":"https:\/\/www.actualidadadiario.com\/index.php\/wp-json\/wp\/v2\/posts\/22966"}],"collection":[{"href":"https:\/\/www.actualidadadiario.com\/index.php\/wp-json\/wp\/v2\/posts"}],"about":[{"href":"https:\/\/www.actualidadadiario.com\/index.php\/wp-json\/wp\/v2\/types\/post"}],"author":[{"embeddable":true,"href":"https:\/\/www.actualidadadiario.com\/index.php\/wp-json\/wp\/v2\/users\/3"}],"replies":[{"embeddable":true,"href":"https:\/\/www.actualidadadiario.com\/index.php\/wp-json\/wp\/v2\/comments?post=22966"}],"version-history":[{"count":1,"href":"https:\/\/www.actualidadadiario.com\/index.php\/wp-json\/wp\/v2\/posts\/22966\/revisions"}],"predecessor-version":[{"id":22968,"href":"https:\/\/www.actualidadadiario.com\/index.php\/wp-json\/wp\/v2\/posts\/22966\/revisions\/22968"}],"wp:featuredmedia":[{"embeddable":true,"href":"https:\/\/www.actualidadadiario.com\/index.php\/wp-json\/wp\/v2\/media\/22967"}],"wp:attachment":[{"href":"https:\/\/www.actualidadadiario.com\/index.php\/wp-json\/wp\/v2\/media?parent=22966"}],"wp:term":[{"taxonomy":"category","embeddable":true,"href":"https:\/\/www.actualidadadiario.com\/index.php\/wp-json\/wp\/v2\/categories?post=22966"},{"taxonomy":"post_tag","embeddable":true,"href":"https:\/\/www.actualidadadiario.com\/index.php\/wp-json\/wp\/v2\/tags?post=22966"}],"curies":[{"name":"wp","href":"https:\/\/api.w.org\/{rel}","templated":true}]}}