{"id":22961,"date":"2018-02-01T12:24:31","date_gmt":"2018-02-01T15:24:31","guid":{"rendered":"http:\/\/actualidadadiario.com\/site\/?p=22961"},"modified":"2018-11-06T19:52:05","modified_gmt":"2018-11-06T22:52:05","slug":"rozanski-a-zannini-no-puedo-explicarle-en-derecho-su-prision-es-un-preso-politico","status":"publish","type":"post","link":"https:\/\/www.actualidadadiario.com\/index.php\/2018\/02\/01\/rozanski-a-zannini-no-puedo-explicarle-en-derecho-su-prision-es-un-preso-politico\/","title":{"rendered":"Rozanski a Zannini: \u201cNo puedo explicarle en derecho su prisi\u00f3n, es un preso pol\u00edtico\u201d"},"content":{"rendered":"<p><em><strong>El ex juez, Carlos Rozanski, se refiri\u00f3 a la prisi\u00f3n que Carlos Zannini. Al respecto, indic\u00f3 que se trata de un r\u00e9gimen con caracter\u00edsticas de autoritarismo. Tambi\u00e9n consider\u00f3 que hay una importante manipulaci\u00f3n de los medios y mensajes para avalar esas detenciones arbitrarias<\/strong><\/em><\/p>\n<p>&nbsp;<\/p>\n<p>&nbsp;<\/p>\n<p>&nbsp;<\/p>\n<p><em>Carlos Zannini preguntaba hace unos d\u00edas si alguien pod\u00eda, en derecho, explicarle su prisi\u00f3n. Record\u00e9 entonces un viejo chiste en el que a un abogado le preguntan: \u201ccu\u00e1nto es dos m\u00e1s dos?\u201d, y responde: \u201cCu\u00e1nto quiere que sea?\u201d. Tr\u00e1gico pero cierto, refleja en gran medida los momentos que vive nuestro pa\u00eds. Bajo dictaduras sangrientas, manipular la respuesta a cualquier pregunta, es muy f\u00e1cil, como lo es imponer modelos econ\u00f3micos que transfieran recursos de los sectores m\u00e1s vulnerables a los m\u00e1s poderosos. Bajo gobiernos formalmente democr\u00e1ticos, si bien no resulta tan sencillo, conociendo los caminos, se pueden lograr los resultados deseados, es decir implantar los mismos modelos econ\u00f3micos.<\/em><\/p>\n<p><em>\u00a0<\/em><\/p>\n<p><em>Y esos caminos tienen que ver con la manipulaci\u00f3n y el manejo de los principales medios de comunicaci\u00f3n masivos, pero muy especialmente, de un sector de jueces y fiscales.<\/em><\/p>\n<p><em>\u00a0<\/em><\/p>\n<p><em>No es necesario que sea la totalidad de un Poder Judicial, sino que alcanza con aquel sector que en distintas instancias y espacios (puede ser provincial \u2013 Milagro Sala -, o Federal \u2013 el resto de los presos pol\u00edticos actuales-), tome las decisiones que se requieren. Y si bien esas decisiones tienen formato jur\u00eddico e invocan razonamientos y normas jur\u00eddicas, no lo son.<\/em><\/p>\n<p><em>\u00a0<\/em><\/p>\n<p><em>En estos casos, son simples decisiones pol\u00edticas, caracter\u00edsticas de reg\u00edmenes autoritarios, pero implementadas en per\u00edodos formalmente democr\u00e1ticos. Ello, claro est\u00e1, no quita el car\u00e1cter de injusto e ilegal de esas decisiones, pero ni lo injusto ni lo ilegal tienen relevancia alguna para el capitalismo del desastre que se volvi\u00f3 a apoderar de la regi\u00f3n.<\/em><\/p>\n<p><em>\u00a0<\/em><\/p>\n<p><em>La verdad es que yo no puedo, mi muy apreciado Carlos Zannini, explicarle en derecho su prisi\u00f3n. Usted es un preso pol\u00edtico de un r\u00e9gimen en el que las reglas no existen. No al menos, las que usted y yo estudiamos en la facultad de derecho. Y en estas condiciones, nuestra mayor y \u00fanica esperanza, es la fuerza incontenible de millones de ciudadanos dispuestos a enfrentar a quienes, en su insaciable ambici\u00f3n, escondieron las reglas.<\/em><\/p>\n","protected":false},"excerpt":{"rendered":"<p>El ex juez, Carlos Rozanski, se refiri\u00f3 a la prisi\u00f3n que Carlos Zannini. Al respecto, indic\u00f3 que se trata de un r\u00e9gimen con caracter\u00edsticas de autoritarismo. Tambi\u00e9n consider\u00f3 que hay una importante manipulaci\u00f3n de los medios y mensajes para avalar esas detenciones arbitrarias &nbsp; &nbsp; &nbsp; Carlos Zannini preguntaba hace unos d\u00edas si alguien pod\u00eda, en derecho, explicarle su prisi\u00f3n. Record\u00e9 entonces un viejo chiste en el que a un abogado le preguntan: \u201ccu\u00e1nto es dos m\u00e1s dos?\u201d, y responde: \u201cCu\u00e1nto quiere que sea?\u201d. Tr\u00e1gico pero cierto, refleja en gran&#8230;<\/p>\n","protected":false},"author":3,"featured_media":22962,"comment_status":"closed","ping_status":"closed","sticky":false,"template":"","format":"standard","meta":[],"categories":[18],"tags":[],"_links":{"self":[{"href":"https:\/\/www.actualidadadiario.com\/index.php\/wp-json\/wp\/v2\/posts\/22961"}],"collection":[{"href":"https:\/\/www.actualidadadiario.com\/index.php\/wp-json\/wp\/v2\/posts"}],"about":[{"href":"https:\/\/www.actualidadadiario.com\/index.php\/wp-json\/wp\/v2\/types\/post"}],"author":[{"embeddable":true,"href":"https:\/\/www.actualidadadiario.com\/index.php\/wp-json\/wp\/v2\/users\/3"}],"replies":[{"embeddable":true,"href":"https:\/\/www.actualidadadiario.com\/index.php\/wp-json\/wp\/v2\/comments?post=22961"}],"version-history":[{"count":1,"href":"https:\/\/www.actualidadadiario.com\/index.php\/wp-json\/wp\/v2\/posts\/22961\/revisions"}],"predecessor-version":[{"id":22963,"href":"https:\/\/www.actualidadadiario.com\/index.php\/wp-json\/wp\/v2\/posts\/22961\/revisions\/22963"}],"wp:featuredmedia":[{"embeddable":true,"href":"https:\/\/www.actualidadadiario.com\/index.php\/wp-json\/wp\/v2\/media\/22962"}],"wp:attachment":[{"href":"https:\/\/www.actualidadadiario.com\/index.php\/wp-json\/wp\/v2\/media?parent=22961"}],"wp:term":[{"taxonomy":"category","embeddable":true,"href":"https:\/\/www.actualidadadiario.com\/index.php\/wp-json\/wp\/v2\/categories?post=22961"},{"taxonomy":"post_tag","embeddable":true,"href":"https:\/\/www.actualidadadiario.com\/index.php\/wp-json\/wp\/v2\/tags?post=22961"}],"curies":[{"name":"wp","href":"https:\/\/api.w.org\/{rel}","templated":true}]}}