{"id":22955,"date":"2018-02-01T12:22:54","date_gmt":"2018-02-01T15:22:54","guid":{"rendered":"http:\/\/actualidadadiario.com\/site\/?p=22955"},"modified":"2018-11-06T19:51:49","modified_gmt":"2018-11-06T22:51:49","slug":"prorrogaron-hasta-fin-de-ano-el-reintegro-del-iva-a-jubilados-y-beneficiarios-de-planes-sociales","status":"publish","type":"post","link":"https:\/\/www.actualidadadiario.com\/index.php\/2018\/02\/01\/prorrogaron-hasta-fin-de-ano-el-reintegro-del-iva-a-jubilados-y-beneficiarios-de-planes-sociales\/","title":{"rendered":"Prorrogaron hasta fin de a\u00f1o el reintegro del IVA a jubilados y beneficiarios de planes sociales"},"content":{"rendered":"<p><em><strong>La devoluci\u00f3n ser\u00e1 del 15% y aplicar\u00e1 s\u00f3lo a las compras con tarjeta de d\u00e9bito<\/strong><\/em><\/p>\n<p>&nbsp;<\/p>\n<p>&nbsp;<\/p>\n<p>&nbsp;<\/p>\n<p>&nbsp;<\/p>\n<p>&nbsp;<\/p>\n<p>El Gobierno decret\u00f3 esta ma\u00f1ana la pr\u00f3rroga de la devoluci\u00f3n del 15% del IVA a jubilados y beneficiaros de planes sociales.<\/p>\n<p>&nbsp;<\/p>\n<p>La medida, sancionada en 2016, establece el reintegro de una proporci\u00f3n del IVA contenido en el monto de las operaciones que, en car\u00e1cter de consumidores finales, se abonen por las compras de bienes muebles realizadas tanto en\u00a0 comercios minoristas como mayoristas que facturen a consumidores\u00a0 finales.<\/p>\n<p>&nbsp;<\/p>\n<p>Estas operaciones deben concretarse con tarjeta de d\u00e9bito, y el reintegro no podr\u00e1 ser inferior al 15% del monto de las operaciones que realicen los consumidores finales alcanzados, que no pueden superar los 300 pesos mensuales por\u00a0 beneficiario.<\/p>\n<p>&nbsp;<\/p>\n<p>El Gobierno explic\u00f3 que la fecha fue atrasada ya que, desde el Ejecutivo afirmaron que el objetivo prioritario es &#8220;la\u00a0 asistencia a las personas de menores ingresos de todo el pa\u00eds a trav\u00e9s de medidas concretas y transparentes, con la finalidad de lograr una reducci\u00f3n sostenida de la pobreza&#8221;.<\/p>\n<p>&nbsp;<\/p>\n<p>\u201cLa implementaci\u00f3n del r\u00e9gimen de que se trata, tiene por finalidad mejorar el ingreso disponible y la capacidad de compra\u00a0 de los sectores m\u00e1s vulnerables conformados por aquellas personas que destinan al consumo de bienes de primera necesidad la\u00a0 totalidad o gran parte de sus ingresos\u201d, a\u00f1adieron.<\/p>\n","protected":false},"excerpt":{"rendered":"<p>La devoluci\u00f3n ser\u00e1 del 15% y aplicar\u00e1 s\u00f3lo a las compras con tarjeta de d\u00e9bito &nbsp; &nbsp; &nbsp; &nbsp; &nbsp; El Gobierno decret\u00f3 esta ma\u00f1ana la pr\u00f3rroga de la devoluci\u00f3n del 15% del IVA a jubilados y beneficiaros de planes sociales. &nbsp; La medida, sancionada en 2016, establece el reintegro de una proporci\u00f3n del IVA contenido en el monto de las operaciones que, en car\u00e1cter de consumidores finales, se abonen por las compras de bienes muebles realizadas tanto en\u00a0 comercios minoristas como mayoristas que facturen a consumidores\u00a0 finales. &nbsp; Estas&#8230;<\/p>\n","protected":false},"author":3,"featured_media":22956,"comment_status":"closed","ping_status":"closed","sticky":false,"template":"","format":"standard","meta":[],"categories":[2],"tags":[],"_links":{"self":[{"href":"https:\/\/www.actualidadadiario.com\/index.php\/wp-json\/wp\/v2\/posts\/22955"}],"collection":[{"href":"https:\/\/www.actualidadadiario.com\/index.php\/wp-json\/wp\/v2\/posts"}],"about":[{"href":"https:\/\/www.actualidadadiario.com\/index.php\/wp-json\/wp\/v2\/types\/post"}],"author":[{"embeddable":true,"href":"https:\/\/www.actualidadadiario.com\/index.php\/wp-json\/wp\/v2\/users\/3"}],"replies":[{"embeddable":true,"href":"https:\/\/www.actualidadadiario.com\/index.php\/wp-json\/wp\/v2\/comments?post=22955"}],"version-history":[{"count":1,"href":"https:\/\/www.actualidadadiario.com\/index.php\/wp-json\/wp\/v2\/posts\/22955\/revisions"}],"predecessor-version":[{"id":22957,"href":"https:\/\/www.actualidadadiario.com\/index.php\/wp-json\/wp\/v2\/posts\/22955\/revisions\/22957"}],"wp:featuredmedia":[{"embeddable":true,"href":"https:\/\/www.actualidadadiario.com\/index.php\/wp-json\/wp\/v2\/media\/22956"}],"wp:attachment":[{"href":"https:\/\/www.actualidadadiario.com\/index.php\/wp-json\/wp\/v2\/media?parent=22955"}],"wp:term":[{"taxonomy":"category","embeddable":true,"href":"https:\/\/www.actualidadadiario.com\/index.php\/wp-json\/wp\/v2\/categories?post=22955"},{"taxonomy":"post_tag","embeddable":true,"href":"https:\/\/www.actualidadadiario.com\/index.php\/wp-json\/wp\/v2\/tags?post=22955"}],"curies":[{"name":"wp","href":"https:\/\/api.w.org\/{rel}","templated":true}]}}