{"id":22949,"date":"2018-02-01T12:21:00","date_gmt":"2018-02-01T15:21:00","guid":{"rendered":"http:\/\/actualidadadiario.com\/site\/?p=22949"},"modified":"2018-11-06T19:50:12","modified_gmt":"2018-11-06T22:50:12","slug":"junto-a-los-tarifazos-alertan-sobre-fuertes-aumentos-en-alimentos-a-partir-de-febrero","status":"publish","type":"post","link":"https:\/\/www.actualidadadiario.com\/index.php\/2018\/02\/01\/junto-a-los-tarifazos-alertan-sobre-fuertes-aumentos-en-alimentos-a-partir-de-febrero\/","title":{"rendered":"Junto a los tarifazos, alertan sobre fuertes aumentos en alimentos a partir de febrero"},"content":{"rendered":"<p><em><strong>Como consecuencia de la disparada del d\u00f3lar y las constantes subas en los combustibles tras la desregulaci\u00f3n, las grandes cadenas de supermercados modificar\u00e1n los precios de varios de sus productos<\/strong><\/em><\/p>\n<p>&nbsp;<\/p>\n<p>&nbsp;<\/p>\n<p>&nbsp;<\/p>\n<p>Se viene un febrero en el que los argentinos volver\u00e1n a sentir golpes en su bolsillo desde todos los frentes posibles, ya que a los tarifazos dispuestos por el Gobierno en la electricidad, el transporte y las prepagas, se sumar\u00edan aumentos de hasta un 6 por ciento en los supermercados.<\/p>\n<p>&nbsp;<\/p>\n<p>Seg\u00fan publica el portal Letra P, las principales cadenas empezaron a recibir listados de precios por parte de productores de alimentos y bebidas, con alzas que atribuyen a las subas constantes en los combustibles, producto de la desregulaci\u00f3n; y por la disparada del d\u00f3lar, que est\u00e1 rozando los 20 pesos.<\/p>\n<p>&nbsp;<\/p>\n<p>En este contexto, las marcas Molinos, Nestl\u00e9, Natura, Ledesma y Las Mar\u00edas aplicar\u00edan nuevos incrementos en sus productos, de acuerdo con el medio citado. La yerba sufrir\u00eda un aumento del 6 por ciento, mientras que ser\u00eda del 4 por ciento en l\u00e1cteos, caf\u00e9, procesados de harina, fideos, az\u00facar y aceites.<\/p>\n","protected":false},"excerpt":{"rendered":"<p>Como consecuencia de la disparada del d\u00f3lar y las constantes subas en los combustibles tras la desregulaci\u00f3n, las grandes cadenas de supermercados modificar\u00e1n los precios de varios de sus productos &nbsp; &nbsp; &nbsp; Se viene un febrero en el que los argentinos volver\u00e1n a sentir golpes en su bolsillo desde todos los frentes posibles, ya que a los tarifazos dispuestos por el Gobierno en la electricidad, el transporte y las prepagas, se sumar\u00edan aumentos de hasta un 6 por ciento en los supermercados. &nbsp; Seg\u00fan publica el portal Letra P,&#8230;<\/p>\n","protected":false},"author":3,"featured_media":22950,"comment_status":"closed","ping_status":"closed","sticky":false,"template":"","format":"standard","meta":[],"categories":[9,2],"tags":[],"_links":{"self":[{"href":"https:\/\/www.actualidadadiario.com\/index.php\/wp-json\/wp\/v2\/posts\/22949"}],"collection":[{"href":"https:\/\/www.actualidadadiario.com\/index.php\/wp-json\/wp\/v2\/posts"}],"about":[{"href":"https:\/\/www.actualidadadiario.com\/index.php\/wp-json\/wp\/v2\/types\/post"}],"author":[{"embeddable":true,"href":"https:\/\/www.actualidadadiario.com\/index.php\/wp-json\/wp\/v2\/users\/3"}],"replies":[{"embeddable":true,"href":"https:\/\/www.actualidadadiario.com\/index.php\/wp-json\/wp\/v2\/comments?post=22949"}],"version-history":[{"count":1,"href":"https:\/\/www.actualidadadiario.com\/index.php\/wp-json\/wp\/v2\/posts\/22949\/revisions"}],"predecessor-version":[{"id":22951,"href":"https:\/\/www.actualidadadiario.com\/index.php\/wp-json\/wp\/v2\/posts\/22949\/revisions\/22951"}],"wp:featuredmedia":[{"embeddable":true,"href":"https:\/\/www.actualidadadiario.com\/index.php\/wp-json\/wp\/v2\/media\/22950"}],"wp:attachment":[{"href":"https:\/\/www.actualidadadiario.com\/index.php\/wp-json\/wp\/v2\/media?parent=22949"}],"wp:term":[{"taxonomy":"category","embeddable":true,"href":"https:\/\/www.actualidadadiario.com\/index.php\/wp-json\/wp\/v2\/categories?post=22949"},{"taxonomy":"post_tag","embeddable":true,"href":"https:\/\/www.actualidadadiario.com\/index.php\/wp-json\/wp\/v2\/tags?post=22949"}],"curies":[{"name":"wp","href":"https:\/\/api.w.org\/{rel}","templated":true}]}}