{"id":22946,"date":"2018-02-01T12:20:12","date_gmt":"2018-02-01T15:20:12","guid":{"rendered":"http:\/\/actualidadadiario.com\/site\/?p=22946"},"modified":"2018-11-06T19:50:08","modified_gmt":"2018-11-06T22:50:08","slug":"indec-la-industria-sigue-por-debajo-de-los-niveles-de-2015","status":"publish","type":"post","link":"https:\/\/www.actualidadadiario.com\/index.php\/2018\/02\/01\/indec-la-industria-sigue-por-debajo-de-los-niveles-de-2015\/","title":{"rendered":"INDEC: La industria sigue por debajo de los niveles de 2015"},"content":{"rendered":"<p><em><strong>El Estimador Mensual Industrial (EMI) registr\u00f3 en diciembre una suba del 0,3% con relaci\u00f3n a igual mes de 2016, pero sigue por debajo de los niveles heredados por Mauricio Macri. Seg\u00fan detall\u00f3 el\u00a0 Instituto Nacional de Estad\u00edstica y Censos (INDEC) la actividad industrial registr\u00f3 durante 2017 un incremento del 1,8% con relaci\u00f3n al a\u00f1o anterior, sin poder recuperar la ca\u00edda de 2016<\/strong><\/em><\/p>\n<p>&nbsp;<\/p>\n<p>&nbsp;<\/p>\n<p>&nbsp;<\/p>\n<p>&nbsp;<\/p>\n<p>Entre los que registraron crecimiento se destacan las industrias met\u00e1licas b\u00e1sicas (9,2%), la metalmec\u00e1nica excluida la industria automotriz (8,5%), los productos minerales no met\u00e1licos (6,2%), la automotriz (5,4%), los productos de caucho y pl\u00e1stico (1,5%) y la edici\u00f3n e impresi\u00f3n (0,9%).<\/p>\n<p>&nbsp;<\/p>\n<p>Mientras que los que m\u00e1s se redujeron son la industria textil (6,7%), la del tabaco (4,7%), la alimenticia (1,4%), la refinaci\u00f3n del petr\u00f3leo (1,4%), el sector qu\u00edmico (1%) y el bloque de papel y cart\u00f3n (0,2%).<\/p>\n<p>&nbsp;<\/p>\n<p>En cuanto a los alimentos, se increment\u00f3 la producci\u00f3n de carnes rojas (8,3%), carnes blancas (2,4%) y yerba mate y t\u00e9 (2,2%); mientras que los que tuvieron mayor disminuciones fueron: l\u00e1cteos (5,9%), molienda de cereales y oleaginosas (5,4%), az\u00facar y productos de confiter\u00eda (5,2%) y bebidas (0,8%).<\/p>\n","protected":false},"excerpt":{"rendered":"<p>El Estimador Mensual Industrial (EMI) registr\u00f3 en diciembre una suba del 0,3% con relaci\u00f3n a igual mes de 2016, pero sigue por debajo de los niveles heredados por Mauricio Macri. Seg\u00fan detall\u00f3 el\u00a0 Instituto Nacional de Estad\u00edstica y Censos (INDEC) la actividad industrial registr\u00f3 durante 2017 un incremento del 1,8% con relaci\u00f3n al a\u00f1o anterior, sin poder recuperar la ca\u00edda de 2016 &nbsp; &nbsp; &nbsp; &nbsp; Entre los que registraron crecimiento se destacan las industrias met\u00e1licas b\u00e1sicas (9,2%), la metalmec\u00e1nica excluida la industria automotriz (8,5%), los productos minerales no met\u00e1licos&#8230;<\/p>\n","protected":false},"author":3,"featured_media":22947,"comment_status":"closed","ping_status":"closed","sticky":false,"template":"","format":"standard","meta":[],"categories":[2],"tags":[],"_links":{"self":[{"href":"https:\/\/www.actualidadadiario.com\/index.php\/wp-json\/wp\/v2\/posts\/22946"}],"collection":[{"href":"https:\/\/www.actualidadadiario.com\/index.php\/wp-json\/wp\/v2\/posts"}],"about":[{"href":"https:\/\/www.actualidadadiario.com\/index.php\/wp-json\/wp\/v2\/types\/post"}],"author":[{"embeddable":true,"href":"https:\/\/www.actualidadadiario.com\/index.php\/wp-json\/wp\/v2\/users\/3"}],"replies":[{"embeddable":true,"href":"https:\/\/www.actualidadadiario.com\/index.php\/wp-json\/wp\/v2\/comments?post=22946"}],"version-history":[{"count":1,"href":"https:\/\/www.actualidadadiario.com\/index.php\/wp-json\/wp\/v2\/posts\/22946\/revisions"}],"predecessor-version":[{"id":22948,"href":"https:\/\/www.actualidadadiario.com\/index.php\/wp-json\/wp\/v2\/posts\/22946\/revisions\/22948"}],"wp:featuredmedia":[{"embeddable":true,"href":"https:\/\/www.actualidadadiario.com\/index.php\/wp-json\/wp\/v2\/media\/22947"}],"wp:attachment":[{"href":"https:\/\/www.actualidadadiario.com\/index.php\/wp-json\/wp\/v2\/media?parent=22946"}],"wp:term":[{"taxonomy":"category","embeddable":true,"href":"https:\/\/www.actualidadadiario.com\/index.php\/wp-json\/wp\/v2\/categories?post=22946"},{"taxonomy":"post_tag","embeddable":true,"href":"https:\/\/www.actualidadadiario.com\/index.php\/wp-json\/wp\/v2\/tags?post=22946"}],"curies":[{"name":"wp","href":"https:\/\/api.w.org\/{rel}","templated":true}]}}