{"id":22943,"date":"2018-02-01T12:19:21","date_gmt":"2018-02-01T15:19:21","guid":{"rendered":"http:\/\/actualidadadiario.com\/site\/?p=22943"},"modified":"2018-11-06T19:50:27","modified_gmt":"2018-11-06T22:50:27","slug":"la-jueza-yanez-confirmo-que-un-informe-senalaba-falencias-graves-en-el-ara-san-juan","status":"publish","type":"post","link":"https:\/\/www.actualidadadiario.com\/index.php\/2018\/02\/01\/la-jueza-yanez-confirmo-que-un-informe-senalaba-falencias-graves-en-el-ara-san-juan\/","title":{"rendered":"La jueza Y\u00e1\u00f1ez confirm\u00f3 que un informe se\u00f1alaba \u201cfalencias graves\u201d en el ARA San Juan"},"content":{"rendered":"<p><em><strong>La investigaci\u00f3n judicial sobre la desaparici\u00f3n del submarino ARA San Juan dio con un documento que confirma la existencia de falencias de \u201cgravedad uno\u201d en la nave, que planteaban un \u201criesgo muy alto\u201d en caso de que se le asignara una misi\u00f3n como la que ten\u00eda cuando finalmente desapareci\u00f3<\/strong><\/em><\/p>\n<p>&nbsp;<\/p>\n<p>&nbsp;<\/p>\n<p>&nbsp;<\/p>\n<p>&nbsp;<\/p>\n<p>Un informe de la Inspecci\u00f3n General de la Armada de diciembre de 2016, que fue ratificado en marzo de 2017 y remitido al Estado Mayor General de la Armada, al Ministerio de Defensa y a la Sindicatura General de la Naci\u00f3n (Sigen) consignaba problemas en la nava calificadas como de \u201cgravedad uno, lo que significa que el submarino corr\u00eda un riesgo muy alto\u201d.<\/p>\n<p>&nbsp;<\/p>\n<p>Los documentos que hoy se encuentra analizando la jueza federal de Caleta Olivia Marta Y\u00e1\u00f1ez planteaban que deb\u00eda darse una \u201cinmediata soluci\u00f3n\u201d a \u201cuna serie de defectos o anomal\u00edas que detectaron en el funcionamiento\u201d del submarino. Y\u00e1\u00f1ez ahora analiza documentaci\u00f3n secuestrada en diversos allanamientos ordenados la semana pasada, incluida la Base Naval de Mar del Plata, para ver qu\u00e9 soluciones se implementaron desde el Estado luego de esos informes cr\u00edticos.<\/p>\n<p>&nbsp;<\/p>\n<p>La jueza reconoci\u00f3 que el hecho de que no se haya dado con los restos del submarino \u201chace que todo sea m\u00e1s dif\u00edcil\u201d y agreg\u00f3, en declaraciones a los medios: \u201cHoy no puedo aventurar que fue un accidente, o que lo derrib\u00f3 un barco chino. En principio, yo determinar\u00eda las condiciones en las que sali\u00f3 el ARA San Juan y el tema de las comunicaciones, qu\u00e9 se pudo haber advertido\u201d.\u00a0 En este sentido plante\u00f3 la necesidad de atenerse a la documentaci\u00f3n que se va sumando a la causa.<\/p>\n<p>&nbsp;<\/p>\n<p>El an\u00e1lisis documental se complementa con una serie de declaraciones testimoniales que se encuentra recabando la jueza. Ya declararon y confirmaron los datos del informe el ex auditor de la Armada Guillermo Luis Lezana, y su reemplazante Eduardo Alfredo P\u00e9rez Bacchi (hoy titular de la Inspecci\u00f3n General de la fuerza). Luis Tagliapietra, abogado querellante y familiar de uno de los tripulantes del submarino, manifest\u00f3 al respecto: \u201cAl final de su declaraci\u00f3n el contralmirante P\u00e9rez Bacchi manifest\u00f3 que las fallas detectadas estaban encuadradas dentro de lo que la reglamentaci\u00f3n de la Sigen califica como gravedad uno\u201d.\u00a0 El abogado consider\u00f3 \u201cimposible\u201d que desde el Gobierno no hayan tenido conocimiento del informe elaborado durante la gesti\u00f3n del contralmirante Lezana como inspector general (luego reemplazado por P\u00e9rez Bacchi, que refrend\u00f3 los datos del informe en enero de 2017).<\/p>\n<p>&nbsp;<\/p>\n<p>El ministro de Defensa Oscar Aguad no hizo referencia al informe en su declaraci\u00f3n por escrito en la causa, aunque en el oficio que se le envi\u00f3 a\u00fan no se consultaba espec\u00edficamente sobre el tema ya que a\u00fan no hab\u00eda ingresado al juzgado el informe de la Inspecci\u00f3n General de la Armada, por lo que es probable que se le solicite una extensi\u00f3n de su testimonio.<\/p>\n<p>&nbsp;<\/p>\n<p>Tagliapietra tambi\u00e9n plantea la necesidad de investigar \u201cpor qu\u00e9 se dijeron tantas mentiras cuando se fue informando, despu\u00e9s de la desaparici\u00f3n del submarino\u201d.\u00a0 En este sentido se confirm\u00f3 que el que fuera vocero de la Armada, capit\u00e1n Enrique Balbi, prestar\u00e1 declaraci\u00f3n testimonial este jueves ante la jueza Y\u00e1\u00f1ez luego de que lo hagan los auditores que firmaron el informe. El querellante concluy\u00f3: \u201cLo dicho por los auditores confirma que no se hizo nada para subsanar los graves problemas de navegabilidad que ten\u00eda el submarino y ahora hay que buscar a los responsables, pero falta mucho, hay que tener paciencia y seguir buscando\u201d.<\/p>\n","protected":false},"excerpt":{"rendered":"<p>La investigaci\u00f3n judicial sobre la desaparici\u00f3n del submarino ARA San Juan dio con un documento que confirma la existencia de falencias de \u201cgravedad uno\u201d en la nave, que planteaban un \u201criesgo muy alto\u201d en caso de que se le asignara una misi\u00f3n como la que ten\u00eda cuando finalmente desapareci\u00f3 &nbsp; &nbsp; &nbsp; &nbsp; Un informe de la Inspecci\u00f3n General de la Armada de diciembre de 2016, que fue ratificado en marzo de 2017 y remitido al Estado Mayor General de la Armada, al Ministerio de Defensa y a la Sindicatura&#8230;<\/p>\n","protected":false},"author":3,"featured_media":22944,"comment_status":"closed","ping_status":"closed","sticky":false,"template":"","format":"standard","meta":[],"categories":[2],"tags":[],"_links":{"self":[{"href":"https:\/\/www.actualidadadiario.com\/index.php\/wp-json\/wp\/v2\/posts\/22943"}],"collection":[{"href":"https:\/\/www.actualidadadiario.com\/index.php\/wp-json\/wp\/v2\/posts"}],"about":[{"href":"https:\/\/www.actualidadadiario.com\/index.php\/wp-json\/wp\/v2\/types\/post"}],"author":[{"embeddable":true,"href":"https:\/\/www.actualidadadiario.com\/index.php\/wp-json\/wp\/v2\/users\/3"}],"replies":[{"embeddable":true,"href":"https:\/\/www.actualidadadiario.com\/index.php\/wp-json\/wp\/v2\/comments?post=22943"}],"version-history":[{"count":1,"href":"https:\/\/www.actualidadadiario.com\/index.php\/wp-json\/wp\/v2\/posts\/22943\/revisions"}],"predecessor-version":[{"id":22945,"href":"https:\/\/www.actualidadadiario.com\/index.php\/wp-json\/wp\/v2\/posts\/22943\/revisions\/22945"}],"wp:featuredmedia":[{"embeddable":true,"href":"https:\/\/www.actualidadadiario.com\/index.php\/wp-json\/wp\/v2\/media\/22944"}],"wp:attachment":[{"href":"https:\/\/www.actualidadadiario.com\/index.php\/wp-json\/wp\/v2\/media?parent=22943"}],"wp:term":[{"taxonomy":"category","embeddable":true,"href":"https:\/\/www.actualidadadiario.com\/index.php\/wp-json\/wp\/v2\/categories?post=22943"},{"taxonomy":"post_tag","embeddable":true,"href":"https:\/\/www.actualidadadiario.com\/index.php\/wp-json\/wp\/v2\/tags?post=22943"}],"curies":[{"name":"wp","href":"https:\/\/api.w.org\/{rel}","templated":true}]}}