{"id":22938,"date":"2018-02-01T12:15:51","date_gmt":"2018-02-01T15:15:51","guid":{"rendered":"http:\/\/actualidadadiario.com\/site\/?p=22938"},"modified":"2018-11-06T19:49:59","modified_gmt":"2018-11-06T22:49:59","slug":"giano-la-decision-de-excluir-familiares-de-cargos-politicos-es-tardia-mediatica-y-con-poco-impacto-economico","status":"publish","type":"post","link":"https:\/\/www.actualidadadiario.com\/index.php\/2018\/02\/01\/giano-la-decision-de-excluir-familiares-de-cargos-politicos-es-tardia-mediatica-y-con-poco-impacto-economico\/","title":{"rendered":"Giano: La decisi\u00f3n de excluir familiares de cargos pol\u00edticos es \u201ctard\u00eda\u201d, \u201cmedi\u00e1tica\u201d y con \u201cpoco impacto\u201d econ\u00f3mico"},"content":{"rendered":"<p><em><strong>\u201cSeria razonable y con m\u00e1s relevancia econ\u00f3mica que dejen de ser funcionarios nacionales todos aquellos que tienen relaciones con empresas privadas\u201d, lanz\u00f3 en declaraciones el senador concordiense \u00c1ngel Giano y diferenci\u00f3 al gobernador Gustavo Bordet del presidente Mauricio Macri ya que el entrerriano \u201cni bien asumi\u00f3\u201d redujo cargos, entre otras medidas en pos de la institucionalidad y la transparencia. El legislador tambi\u00e9n respondi\u00f3 al pedido de la diputada de Cambiemos, Gabriela Lena<\/strong><\/em><\/p>\n<p>&nbsp;<\/p>\n<p>&nbsp;<\/p>\n<p>&nbsp;<\/p>\n<p>Se conoci\u00f3 este mi\u00e9rcoles el decreto 93\/2018 que contiene la decisi\u00f3n presidencial de excluir a familiares directos de funcionarios con rangos de ministros, de cargos pol\u00edticos.<\/p>\n<p>&nbsp;<\/p>\n<p>\u201cEs una medida que deber\u00eda haber tomado el presidente Macri ni bien asumi\u00f3 la gesti\u00f3n y que adem\u00e1s, al ser analizada su cuant\u00eda econ\u00f3mica, es m\u00ednima\u201d, apunt\u00f3 \u00c1ngel Giano para quien la decisi\u00f3n busca \u201cmostrar un buen t\u00edtulo medi\u00e1ticamente\u201d pero llega \u201cdos a\u00f1os tarde\u201d.<\/p>\n<p>&nbsp;<\/p>\n<p>\u201cSer\u00eda razonable para m\u00ed y con m\u00e1s relevancia econ\u00f3mica que dejen de ser funcionarios nacionales todos aquellos que tienen relaciones con empresas privadas; ah\u00ed hay por lo menos conflicto de intereses\u201d, lanz\u00f3 el Senador para asegurar luego que una decisi\u00f3n as\u00ed no s\u00f3lo implicar\u00eda un ahorro para el Estado en cuanto a sueldos, sino que adem\u00e1s \u201cno tendr\u00edamos la duda de que estas personas siendo funcionarios est\u00e9n favoreciendo a las empresas privadas a las que pertenecieron o pertenecen\u201d.<\/p>\n<p>&nbsp;<\/p>\n<p>A continuaci\u00f3n enumer\u00f3: \u201cEl primo del Presidente funcionario y due\u00f1o de una empresa constructora (Caputto), el ministro de Energ\u00eda (Aranguren) exdirectivo de una petrolera, un funcionario de comercio (Quintana) due\u00f1o de una gran cadena de farmacias, el caso del correo (la condonaci\u00f3n de la deuda millonaria que la empresa ten\u00eda con el Estado\u201d. \u201cTodo esto ha ido contra la \u00e9tica p\u00fablica\u201d, analiz\u00f3 el titular del bloque oficialista en la C\u00e1mara Alta.<\/p>\n<p>&nbsp;<\/p>\n<p>A\u00f1adi\u00f3 a continuaci\u00f3n que si la medida del presidente busca un gesto institucional de cara a la sociedad, hubiera sido m\u00e1s efectivo que \u201ccontrole la inflaci\u00f3n, favorezca el trabajo local, que no aumente las tarifas y que pare con la bicicleta financiera y la toma de deuda\u201d.<\/p>\n<p>&nbsp;<\/p>\n<p>Luego resalt\u00f3 que el Gobernador entrerriano al asumir su gesti\u00f3n a diferencia de Macri que aument\u00f3 los organismos en el Gabinete, \u201credujo cargos, no ha reprimido las protestas salariales, ha hecho contenci\u00f3n del gasto y baj\u00f3 el d\u00e9ficit\u201d.<\/p>\n<p>&nbsp;<\/p>\n<p>En ese sentido, y teniendo en cuenta el pedido de la diputada opositora Gabriela Lena, para que el Gobierno provincial imite la decisi\u00f3n presidencial, Giano observ\u00f3: \u201cLos legisladores de Cambiemos est\u00e1n mirando la pel\u00edcula equivocada. Tendr\u00edan que ocuparse de los intendencias de Cambiemos a ver qu\u00e9 hicieron con sus familiares\u201d, dispar\u00f3.<\/p>\n<p>&nbsp;<\/p>\n<p>Finalmente, en declaraciones a esta Agencia, Giano hizo notar lo sucedido en torno al denominado \u201cblanqueo de capitales\u201d el cual permiti\u00f3 que afines a funcionarios o familiares de \u00e9stos \u201chayan evadido dinero en forma ilegal, lo puedan \u2018blanquear\u2019 y lo m\u00e1s parad\u00f3jico es que son funcionarios y piden que confiemos en ellos. Pero al dinero lo dejaron afuera\u201d, reproch\u00f3 el Legislador.<\/p>\n","protected":false},"excerpt":{"rendered":"<p>\u201cSeria razonable y con m\u00e1s relevancia econ\u00f3mica que dejen de ser funcionarios nacionales todos aquellos que tienen relaciones con empresas privadas\u201d, lanz\u00f3 en declaraciones el senador concordiense \u00c1ngel Giano y diferenci\u00f3 al gobernador Gustavo Bordet del presidente Mauricio Macri ya que el entrerriano \u201cni bien asumi\u00f3\u201d redujo cargos, entre otras medidas en pos de la institucionalidad y la transparencia. El legislador tambi\u00e9n respondi\u00f3 al pedido de la diputada de Cambiemos, Gabriela Lena &nbsp; &nbsp; &nbsp; Se conoci\u00f3 este mi\u00e9rcoles el decreto 93\/2018 que contiene la decisi\u00f3n presidencial de excluir a&#8230;<\/p>\n","protected":false},"author":3,"featured_media":6618,"comment_status":"closed","ping_status":"closed","sticky":false,"template":"","format":"standard","meta":[],"categories":[9,15],"tags":[],"_links":{"self":[{"href":"https:\/\/www.actualidadadiario.com\/index.php\/wp-json\/wp\/v2\/posts\/22938"}],"collection":[{"href":"https:\/\/www.actualidadadiario.com\/index.php\/wp-json\/wp\/v2\/posts"}],"about":[{"href":"https:\/\/www.actualidadadiario.com\/index.php\/wp-json\/wp\/v2\/types\/post"}],"author":[{"embeddable":true,"href":"https:\/\/www.actualidadadiario.com\/index.php\/wp-json\/wp\/v2\/users\/3"}],"replies":[{"embeddable":true,"href":"https:\/\/www.actualidadadiario.com\/index.php\/wp-json\/wp\/v2\/comments?post=22938"}],"version-history":[{"count":1,"href":"https:\/\/www.actualidadadiario.com\/index.php\/wp-json\/wp\/v2\/posts\/22938\/revisions"}],"predecessor-version":[{"id":22939,"href":"https:\/\/www.actualidadadiario.com\/index.php\/wp-json\/wp\/v2\/posts\/22938\/revisions\/22939"}],"wp:featuredmedia":[{"embeddable":true,"href":"https:\/\/www.actualidadadiario.com\/index.php\/wp-json\/wp\/v2\/media\/6618"}],"wp:attachment":[{"href":"https:\/\/www.actualidadadiario.com\/index.php\/wp-json\/wp\/v2\/media?parent=22938"}],"wp:term":[{"taxonomy":"category","embeddable":true,"href":"https:\/\/www.actualidadadiario.com\/index.php\/wp-json\/wp\/v2\/categories?post=22938"},{"taxonomy":"post_tag","embeddable":true,"href":"https:\/\/www.actualidadadiario.com\/index.php\/wp-json\/wp\/v2\/tags?post=22938"}],"curies":[{"name":"wp","href":"https:\/\/api.w.org\/{rel}","templated":true}]}}