{"id":22935,"date":"2018-02-01T12:14:58","date_gmt":"2018-02-01T15:14:58","guid":{"rendered":"http:\/\/actualidadadiario.com\/site\/?p=22935"},"modified":"2018-11-06T19:48:53","modified_gmt":"2018-11-06T22:48:53","slug":"el-centro-de-tratamiento-de-adicciones-se-inaugurara-a-mediados-de-ano","status":"publish","type":"post","link":"https:\/\/www.actualidadadiario.com\/index.php\/2018\/02\/01\/el-centro-de-tratamiento-de-adicciones-se-inaugurara-a-mediados-de-ano\/","title":{"rendered":"El Centro de Tratamiento de Adicciones se inaugurar\u00e1 a mediados de a\u00f1o"},"content":{"rendered":"<p><em><strong>&#8220;Dar\u00e1 soluci\u00f3n a cientos de familias que tienen el desconsuelo de no poder ubicar a sus hijos en un lugar de rehabilitaci\u00f3n&#8221;, dijo el gobernador<\/strong><\/em><\/p>\n<p>&nbsp;<\/p>\n<p>&nbsp;<\/p>\n<p>&nbsp;<\/p>\n<p>El gobernador, Gustavo Bordet recorri\u00f3 supervis\u00f3 los trabajos en el Centro de Tratamiento de Adicciones que se est\u00e1 construyendo en calle Caputo a pocos metros del acceso al Aeropuerto de la ciudad de Paran\u00e1. El mandatario puso de relieve que la obra &#8220;tiene un 50% de avance y esperamos terminarla entre junio y julio de este a\u00f1o, porque implica que haya profesionales que permitan generar un cuadro evolutivo en los pacientes, para que la provincia tenga un centro de referencia sumamente importante que recibir\u00e1 a personas de todo Entre R\u00edos&#8221;.<\/p>\n<p>&nbsp;<\/p>\n<p>Precis\u00f3 que &#8220;implica una inversi\u00f3n de 79 millones de pesos, de los cuales llevamos desembolsados 47 millones. Esto se financia 100% con fondos provinciales y dar\u00e1 soluci\u00f3n a cientos de familias que tienen el desconsuelo de no poder ubicar a sus hijos en un lugar de rehabilitaci\u00f3n para que sean personas \u00fatiles en la sociedad y no queden marginados&#8221;.<\/p>\n<p>&nbsp;<\/p>\n<p>Acot\u00f3 que &#8220;se trabajar\u00e1 con el COPNAF y el Poder Judicial que ser\u00e1n claves&#8221;.<\/p>\n<p>&nbsp;<\/p>\n<p>&nbsp;<\/p>\n<p><strong>Pr\u00f3ximo viaje<\/strong><\/p>\n<p>Por otra parte, Bordet inform\u00f3 que la pr\u00f3xima semana viajar\u00e1 a Berl\u00edn con productores arandaneros y citr\u00edcolas. &#8220;Es la feria citr\u00edcola m\u00e1s grande del mundo. Participaremos con una misi\u00f3n comercial&#8221;, se\u00f1al\u00f3 el mandatario.<\/p>\n<p>&nbsp;<\/p>\n<p>Explic\u00f3 que est\u00e1 &#8220;muy pr\u00f3ximo el acuerdo entre la Uni\u00f3n Europea y el Mercosur, que destrabar\u00eda el 19% de los aranceles que actualmente se deben pagar y genera inequidad en la competencia. Esto es clave y determinante&#8221;.<\/p>\n<p>&nbsp;<\/p>\n<p>&#8220;A esta feria van pa\u00edses de todo el mundo. Rusia es el principal comprador de nuestro citrus con el 60% de las exportaciones, pero hay mucha fruta que va a Oriente, es decir a pa\u00edses como China, Filipinas o Tailandia. Queremos acrecentar el mercado de Oriente medio&#8221;, dijo<\/p>\n<p>&nbsp;<\/p>\n<p>Sobre los productores de ar\u00e1ndanos, dijo que la gran mayor\u00eda de la producci\u00f3n &#8220;va a Estados Unidos. Estamos buscando interesar a compradores de la Uni\u00f3n Europea&#8221;.<\/p>\n<p>&nbsp;<\/p>\n<p>Finalmente, recalc\u00f3 que &#8220;la citricultura y ar\u00e1ndano abarcan a 25.000 trabajadores&#8221; y aclar\u00f3 que para la misi\u00f3n comercial &#8220;conseguimos financiamiento del CFI para esta misi\u00f3n comercial, que a la provincia no le cuesta un centavo&#8221;.<\/p>\n","protected":false},"excerpt":{"rendered":"<p>&#8220;Dar\u00e1 soluci\u00f3n a cientos de familias que tienen el desconsuelo de no poder ubicar a sus hijos en un lugar de rehabilitaci\u00f3n&#8221;, dijo el gobernador &nbsp; &nbsp; &nbsp; El gobernador, Gustavo Bordet recorri\u00f3 supervis\u00f3 los trabajos en el Centro de Tratamiento de Adicciones que se est\u00e1 construyendo en calle Caputo a pocos metros del acceso al Aeropuerto de la ciudad de Paran\u00e1. El mandatario puso de relieve que la obra &#8220;tiene un 50% de avance y esperamos terminarla entre junio y julio de este a\u00f1o, porque implica que haya profesionales&#8230;<\/p>\n","protected":false},"author":3,"featured_media":22936,"comment_status":"closed","ping_status":"closed","sticky":false,"template":"","format":"standard","meta":[],"categories":[15],"tags":[],"_links":{"self":[{"href":"https:\/\/www.actualidadadiario.com\/index.php\/wp-json\/wp\/v2\/posts\/22935"}],"collection":[{"href":"https:\/\/www.actualidadadiario.com\/index.php\/wp-json\/wp\/v2\/posts"}],"about":[{"href":"https:\/\/www.actualidadadiario.com\/index.php\/wp-json\/wp\/v2\/types\/post"}],"author":[{"embeddable":true,"href":"https:\/\/www.actualidadadiario.com\/index.php\/wp-json\/wp\/v2\/users\/3"}],"replies":[{"embeddable":true,"href":"https:\/\/www.actualidadadiario.com\/index.php\/wp-json\/wp\/v2\/comments?post=22935"}],"version-history":[{"count":1,"href":"https:\/\/www.actualidadadiario.com\/index.php\/wp-json\/wp\/v2\/posts\/22935\/revisions"}],"predecessor-version":[{"id":22937,"href":"https:\/\/www.actualidadadiario.com\/index.php\/wp-json\/wp\/v2\/posts\/22935\/revisions\/22937"}],"wp:featuredmedia":[{"embeddable":true,"href":"https:\/\/www.actualidadadiario.com\/index.php\/wp-json\/wp\/v2\/media\/22936"}],"wp:attachment":[{"href":"https:\/\/www.actualidadadiario.com\/index.php\/wp-json\/wp\/v2\/media?parent=22935"}],"wp:term":[{"taxonomy":"category","embeddable":true,"href":"https:\/\/www.actualidadadiario.com\/index.php\/wp-json\/wp\/v2\/categories?post=22935"},{"taxonomy":"post_tag","embeddable":true,"href":"https:\/\/www.actualidadadiario.com\/index.php\/wp-json\/wp\/v2\/tags?post=22935"}],"curies":[{"name":"wp","href":"https:\/\/api.w.org\/{rel}","templated":true}]}}