{"id":22926,"date":"2018-02-01T12:12:15","date_gmt":"2018-02-01T15:12:15","guid":{"rendered":"http:\/\/actualidadadiario.com\/site\/?p=22926"},"modified":"2018-11-06T19:50:02","modified_gmt":"2018-11-06T22:50:02","slug":"habra-tarifa-electrica-estacional-para-los-arroceros","status":"publish","type":"post","link":"https:\/\/www.actualidadadiario.com\/index.php\/2018\/02\/01\/habra-tarifa-electrica-estacional-para-los-arroceros\/","title":{"rendered":"Habr\u00e1 tarifa el\u00e9ctrica estacional para los arroceros"},"content":{"rendered":"<p><em><strong>El gobernador Gustavo Bordet acord\u00f3 una nueva forma de c\u00e1lculo de la tarifa el\u00e9ctrica con los arroceros para reducir un 20 por ciento promedio el costo energ\u00e9tico de este sector productivo que es utiliza la energ\u00eda el\u00e9ctrica en forma intensiva para riego. Los arroceros expresaron su conformidad<\/strong><\/em><\/p>\n<p>&nbsp;<\/p>\n<p>&nbsp;<\/p>\n<p>&nbsp;<\/p>\n<p>Tras un encuentro con los referentes del sector del que participaron el vicegobernador Ad\u00e1n Bahl y parte del gabinete provincial, Bordet explic\u00f3 que se hizo una ecuaci\u00f3n \u201cteniendo en cuenta la actividad espec\u00edfica que tiene el sector que son dos meses donde se usa de manera muy intensiva la electricidad\u201d, es por eso que \u201camerita un tratamiento diferencial de aquellas otras actividades que desarrollan linealmente la utilizaci\u00f3n del insumo energ\u00e9tico\u201d.<\/p>\n<p>&nbsp;<\/p>\n<p>Respecto del porcentaje de reducci\u00f3n estimado, explic\u00f3 que es diferente de acuerdo a las horas que se ocupan en el bombeo, \u201ces un cuadro que no es lineal pero estimamos que es alrededor del 20 por ciento de econom\u00eda sobre el costo tarifario, aunque var\u00eda seg\u00fan el tipo de explotaci\u00f3n de arroz porque tambi\u00e9n va de acuerdo a las especificaciones t\u00e9cnicas, los HP que insume cada motor\u201d.<\/p>\n<p>&nbsp;<\/p>\n<p>Pero, \u201csustancialmente es menor a lo que ten\u00edamos previsto\u201d, afirm\u00f3 y reiter\u00f3 que \u201cesto no es por la aplicaci\u00f3n de ning\u00fan subsidio, ni de una suma complementaria que tuvo que poner el gobierno, sino de una revisi\u00f3n estructural de los costos para este tipo de tareas que se realizan en un muy breve per\u00edodo y con muy alto consumo en ese per\u00edodo tan corto\u201d.<\/p>\n<p>&nbsp;<\/p>\n<p>El mandatario indic\u00f3 que se hizo un trabajo en conjunto: \u201cHicimos una revisi\u00f3n del cuadro y llegamos a la aplicaci\u00f3n de una tarifa que satisface ampliamente a ambas partes\u201d. En ese sentido, asegur\u00f3 que \u201cnosotros hacemos un gran esfuerzo a partir de la empresa provincial de energ\u00eda\u201d, pero aclar\u00f3 que \u201cesto se produce porque hay un aumento enorme en el costo de la tarifa energ\u00e9tica que hace que tengamos que trabajar sobre efectos en un sector que utiliza la energ\u00eda\u201d.<\/p>\n<p>&nbsp;<\/p>\n<p>Por otra parte, reconoci\u00f3 que se generaba un \u201cdesfase\u201d respecto a otras provincias, pero resalt\u00f3 que \u201cEntre R\u00edos ha hecho inversiones important\u00edsimas, hay pocas p\u00e9rdidas en red y se llega a muchos m\u00e1s sectores con una energ\u00eda que tiene m\u00e1s previsibilidad y que casi no producen cortes, como ocurre en otras provincias\u201d.<\/p>\n<p>&nbsp;<\/p>\n<p>\u201cFaltaba adecuar el cuadro para estar en igualdad de condiciones competitivas con el sector respecto de otras provincias y esto lo hemos logrado por eso hoy estamos firmando este acuerdo\u201d, resumi\u00f3.<\/p>\n<p>&nbsp;<\/p>\n<p>El arroz es una cadena de valor &#8220;que se ha desarrollado de forma sostenida en los \u00faltimos a\u00f1os en Entre R\u00edos y nosotros queremos seguir teniendo los niveles de superficie sembrada lograda&#8221; indic\u00f3. El mandatario en esa l\u00ednea desatac\u00f3 que &#8220;Entre R\u00edos tiene un proceso de industrializaci\u00f3n muy importante\u201d.<\/p>\n<p>&nbsp;<\/p>\n<p>\u201cNo es solamente la producci\u00f3n de arroz en el campo, si no tambi\u00e9n todo el valor agregado que viene detr\u00e1s, con los molinos arroceros. San Salvador es el lugar m\u00e1s emblem\u00e1tico para ello. Y este proceso industrial, m\u00e1s la siembra y la cosecha, genera fuentes de trabajo para muchos ciudadanos de la provincia&#8221;.<\/p>\n<p>&nbsp;<\/p>\n<p>&nbsp;<\/p>\n<p><strong>Aumento escalonado de tarifas<\/strong><\/p>\n<p>En otro orden, Bordet puso de manifiesto la \u201cpreocupaci\u00f3n\u201d porque \u201chay un cuadro tarifario muy alto y esto afecta el consumo de muchos ciudadanos, porque ha aumentado de manera escalonada\u201d, y eso se ha puesto de manifiesto \u201cen este \u00faltimo tiempo, y es algo que nos preocupa mucho porque esto tiene que ver con el bolsillo de nuestra gente&#8221;.<\/p>\n<p>&nbsp;<\/p>\n<p>De acto participaron tambi\u00e9n el ministro de Econom\u00eda, Hugo Ballay; el secretario de Producci\u00f3n, \u00c1lvaro Gab\u00e1s; el titular de Enersa y a cargo de la Secretar\u00eda de Energ\u00eda, Jorge Gonz\u00e1lez; el intendente de San Salvador, Marcelo Berthet; y el senador provincial del mismo departamento, Lucas Larrarte. En tanto que por parte del sector arrocero, suscribieron el acuerdo Hugo Muller, Luis Marcogiuseppe y C\u00e9sar Vill\u00f3n.<\/p>\n<p>&nbsp;<\/p>\n<p>&nbsp;<\/p>\n<p><strong>La voz del sector<\/strong><\/p>\n<p>De parte del sector, se expres\u00f3 el presidente de la Fundaci\u00f3n ProArroz, Hugo Muller, quien valor\u00f3 la convocatoria del gobernador para conformar la mesa arrocera a partir del mes de febrero &#8220;donde toda la cadena, productores, industriales y exportadores, vamos a tratar todos los temas que tiene esta importante producci\u00f3n regional&#8221;. Y record\u00f3 que &#8220;la provincia de Entre R\u00edos tiene el 70 por ciento de la capacidad que tiene el pa\u00eds para producir arroz, que son 2.200.000 toneladas&#8221;.<\/p>\n<p>&nbsp;<\/p>\n<p>Seguidamente, Luis Marcogiuseppe, tesorero de la Fundaci\u00f3n ProArroz e integrante del consejo de administraci\u00f3n de la Cooperativa de Arroceros de San Salvador, valor\u00f3 el resultado de este acuerdo &#8220;porque han escuchado la voz del sector arrocero y estamos muy agradecidos al gobernador porque la cadena arrocera hoy est\u00e1 con muchos problemas pero esto va en camino de soluci\u00f3n&#8221;.<\/p>\n<p>&nbsp;<\/p>\n<p>&nbsp;<\/p>\n<p><strong>Principales puntos del acuerdo<\/strong><\/p>\n<p>El gobierno de Entre R\u00edos, conjuntamente con Enersa y la Secretar\u00eda de Energ\u00eda, suscriben un acuerdo marco que determinar\u00e1 el sistema tarifario que se aplicar\u00e1 al sector arrocero con riego por bomba de pozo profundo. Dicho acuerdo estipula la aplicaci\u00f3n de un valor estimado de 1550 horas de riego para la temporada con un precio de 3,63 pesos por cada kWh consumido durante los meses de diciembre 2017 y enero 2018, en lugar de los 4,51 pesos facturados en temporadas anteriores. Asimismo, para febrero 2018, en funci\u00f3n del cuadro tarifario correspondiente a febrero\/abril 2018 y del precio mayorista establecido por la Secretar\u00eda de Energ\u00eda de la Naci\u00f3n, se aplicar\u00e1 un valor de 4,18 pesos por cada kWh consumido.<\/p>\n<p>&nbsp;<\/p>\n<p><strong>\u00a0<\/strong><\/p>\n<p><strong>Vencimientos<\/strong><\/p>\n<p>Consumos de diciembre 2017 (re-facturados con el nuevo precio acordado): 20 de febrero de 2018.<\/p>\n<p>Consumos de enero 2018 (facturados con el nuevo precio acordado): 28 de febrero de 2018.<\/p>\n<p>Consumos de febrero 2018 (a facturarse conforme nuevo cuadro tarifario): 15 de marzo de 2018.<\/p>\n<p>Finalmente, a partir de la pr\u00f3xima temporada de riego se desarrollar\u00e1 una tarifa estacional especial para beneficio del sector y de la Distribuidora Estatal donde primar\u00e1 el factor de estacionalidad de esta actividad productiva.<\/p>\n<p>&nbsp;<\/p>\n<p>&nbsp;<\/p>\n<p><strong>Cadena de valor<\/strong><\/p>\n<p>La producci\u00f3n e industrializaci\u00f3n de arroz en la provincia constituye una de las principales cadenas de valor de la econom\u00eda provincial. Genera valor agregado a la producci\u00f3n primaria y crea empleo de base industrial, resultando dicha actividad principalmente electro intensiva durante la temporada de riego.<\/p>\n<p>&nbsp;<\/p>\n<p>Debido a factores externos, principalmente clim\u00e1ticos por los altos niveles de sequ\u00eda en etapas fundamentales del cultivo, algunas \u00e1reas se encuentran en una situaci\u00f3n tal que de las zonas dedicadas a la siembra han resultado afectadas y aquellas que emplean el bombeo de agua a pozo profundo para la siembra, requirieron de la energ\u00eda el\u00e9ctrica como insumo primario para el bombeo y una mayor cantidad de horas destinadas al mismo. Por ello, el sinceramiento de la tarifa el\u00e9ctrica y combustibles ha tenido un impacto desfavorable en el sector.<\/p>\n<p>&nbsp;<\/p>\n<p>Adem\u00e1s, dadas las caracter\u00edsticas propias de la comercializaci\u00f3n del sector, el per\u00edodo de cosecha no coincide con los periodos en que el mercado oferta los mejores precios.<\/p>\n","protected":false},"excerpt":{"rendered":"<p>El gobernador Gustavo Bordet acord\u00f3 una nueva forma de c\u00e1lculo de la tarifa el\u00e9ctrica con los arroceros para reducir un 20 por ciento promedio el costo energ\u00e9tico de este sector productivo que es utiliza la energ\u00eda el\u00e9ctrica en forma intensiva para riego. Los arroceros expresaron su conformidad &nbsp; &nbsp; &nbsp; Tras un encuentro con los referentes del sector del que participaron el vicegobernador Ad\u00e1n Bahl y parte del gabinete provincial, Bordet explic\u00f3 que se hizo una ecuaci\u00f3n \u201cteniendo en cuenta la actividad espec\u00edfica que tiene el sector que son dos&#8230;<\/p>\n","protected":false},"author":3,"featured_media":22927,"comment_status":"closed","ping_status":"closed","sticky":false,"template":"","format":"standard","meta":[],"categories":[15],"tags":[],"_links":{"self":[{"href":"https:\/\/www.actualidadadiario.com\/index.php\/wp-json\/wp\/v2\/posts\/22926"}],"collection":[{"href":"https:\/\/www.actualidadadiario.com\/index.php\/wp-json\/wp\/v2\/posts"}],"about":[{"href":"https:\/\/www.actualidadadiario.com\/index.php\/wp-json\/wp\/v2\/types\/post"}],"author":[{"embeddable":true,"href":"https:\/\/www.actualidadadiario.com\/index.php\/wp-json\/wp\/v2\/users\/3"}],"replies":[{"embeddable":true,"href":"https:\/\/www.actualidadadiario.com\/index.php\/wp-json\/wp\/v2\/comments?post=22926"}],"version-history":[{"count":1,"href":"https:\/\/www.actualidadadiario.com\/index.php\/wp-json\/wp\/v2\/posts\/22926\/revisions"}],"predecessor-version":[{"id":22928,"href":"https:\/\/www.actualidadadiario.com\/index.php\/wp-json\/wp\/v2\/posts\/22926\/revisions\/22928"}],"wp:featuredmedia":[{"embeddable":true,"href":"https:\/\/www.actualidadadiario.com\/index.php\/wp-json\/wp\/v2\/media\/22927"}],"wp:attachment":[{"href":"https:\/\/www.actualidadadiario.com\/index.php\/wp-json\/wp\/v2\/media?parent=22926"}],"wp:term":[{"taxonomy":"category","embeddable":true,"href":"https:\/\/www.actualidadadiario.com\/index.php\/wp-json\/wp\/v2\/categories?post=22926"},{"taxonomy":"post_tag","embeddable":true,"href":"https:\/\/www.actualidadadiario.com\/index.php\/wp-json\/wp\/v2\/tags?post=22926"}],"curies":[{"name":"wp","href":"https:\/\/api.w.org\/{rel}","templated":true}]}}