{"id":22920,"date":"2018-01-31T13:48:32","date_gmt":"2018-01-31T16:48:32","guid":{"rendered":"http:\/\/actualidadadiario.com\/site\/?p=22920"},"modified":"2018-11-06T19:49:19","modified_gmt":"2018-11-06T22:49:19","slug":"el-papa-revisa-su-posicion-sobre-el-escandalo-de-pederastia-en-chile-y-anuncia-una-investigacion","status":"publish","type":"post","link":"https:\/\/www.actualidadadiario.com\/index.php\/2018\/01\/31\/el-papa-revisa-su-posicion-sobre-el-escandalo-de-pederastia-en-chile-y-anuncia-una-investigacion\/","title":{"rendered":"El Papa revisa su posici\u00f3n sobre el esc\u00e1ndalo de pederastia en Chile y anuncia una investigaci\u00f3n"},"content":{"rendered":"<p><em><strong>Francisco env\u00eda a un investigador clave en el caso Maciel para escuchar el relato de las v\u00edctimas de abusos que acusan al obispo Juan Barros de encubrimiento<\/strong><\/em><\/p>\n<p>&nbsp;<\/p>\n<p>&nbsp;<\/p>\n<p>&nbsp;<\/p>\n<p>El viaje del Papa a Chile y Per\u00fa a mediados de enero dej\u00f3 un sabor agridulce en el Vaticano. La etapa chilena, a priori poco exigente diplom\u00e1ticamente, qued\u00f3 empa\u00f1ada por las acusaciones de encubrimiento de abusos contra el obispo chileno Juan Barros, a quien el Pont\u00edfice defendi\u00f3 en\u00e9rgicamente y permiti\u00f3 asistir en primera fila a todos sus actos. Ante las quejas de las v\u00edctimas y al ser interrogado a bocajarro por un periodista, el Papa exigi\u00f3 \u201cpruebas\u201d a los denunciantes. Hasta el momento, dijo, solo hab\u00eda &#8220;calumnias&#8221;. La respuesta fue muy criticada, especialmente desde una ins\u00f3lita carta del cardenal estadounidense Sean O\u2019Malley, encargado de la comisi\u00f3n del Vaticano que trata de erradicar los abusos a menores, afe\u00e1ndole el comentario. En el vuelo de vuelta, Francisco pidi\u00f3 perd\u00f3n a las v\u00edctimas por haber usado la palabra \u201cpruebas\u201d, pero la sustituy\u00f3 por \u201cevidencias\u201d e insisti\u00f3 en la inocencia de Barros. Este martes, sin embargo, la Santa Sede ha modificado su posici\u00f3n y ha anunciado que enviar\u00e1 a un investigador para \u201cescuchar a quienes han manifestado la voluntad de dar a conocer elementos que poseen\u201d.<\/p>\n<p>&nbsp;<\/p>\n<p>El Papa no recibi\u00f3 en su visita a Chile a las v\u00edctimas que denuncian a Barros. Por eso, cuando le escucharon pedir &#8220;evidencias&#8221;, le recordaron que no hab\u00eda tenido ocasi\u00f3n de aport\u00e1rselas. El malestar, en el pa\u00eds de la regi\u00f3n donde la Iglesia cat\u00f3lica es m\u00e1s d\u00e9bil sigui\u00f3 tras su marcha.\u00a0 Por eso ahora el Pont\u00edfice ha ordenado que sea el arzobispo de Malta, Charles J. Scicluna, quien se desplace a Santiago de Chile para escuchar alguna novedad sobre Barros, actual obispo de Osorno, en el sur del pa\u00eds. Nombrado por Francisco en marzo de 2015, las v\u00edctimas le acusan de haber encubierto los abusos del ex p\u00e1rroco de El Bosque, Fernando Karadima, un sacerdote influyente de una iglesia de la clase alta de Santiago de Chile, que atac\u00f3 durante a\u00f1os al menos a cuatro j\u00f3venes de familias conservadoras, seg\u00fan reconoci\u00f3 la Justicia civil y la eclesi\u00e1stica.<\/p>\n<p>&nbsp;<\/p>\n<p>Barros siempre lo ha negado. Pero una de las v\u00edctimas, Juan Carlos Cruz, funcionario de una multinacional norteamericana, detall\u00f3 que el obispo se encontraba a su lado cuando Karadima lo abusaba. Cuando escuch\u00f3 lo de las &#8220;pruebas&#8221;, respondi\u00f3 en Twitter: \u201cComo si uno hubiese podido sacarse una selfie mientras Karadima me abusaba con Juan Barros parado al lado vi\u00e9ndolo todo\u201d.<\/p>\n<p>&nbsp;<\/p>\n<p>Charles J. Scicluna es arzobispo de Malta y presidente del Colegio para el examen de los recursos en la Sesi\u00f3n Ordinaria de la Congregaci\u00f3n para la Doctrina de la Fe. Una suerte de fiscal encargado de investigar los delicta gravatoria: los cr\u00edmenes de la Iglesia considerados m\u00e1s graves y cometidos contra la eucarist\u00eda, el secreto de confesi\u00f3n o los abusos a menores. En 2005, el Papa Benedicto XVI le encarg\u00f3 que recogiera las declaraciones sobre el fundador de los Legionarios de Cristo, Marcial Maciel, que fueron cruciales en destapar el caso.<\/p>\n<p>&nbsp;<\/p>\n<p>El jesuita Felipe Berr\u00edos, en una reciente entrevista con EL PAIS, explicaba que \u201cel Papa tiene raz\u00f3n en que a Barros nunca se le ha hecho ninguna acusaci\u00f3n sobre abuso sexual\u201d. \u201cPero Barros por muchos a\u00f1os fue secretario cercano de Karadima, que no solo era un abusador, sino que estaba ligado a la dictadura, al poder dentro de la Iglesia, al clasismo. Por lo tanto, Barros no puede decir que nunca supo nada de lo que pasaba, no es cre\u00edble. Y si fuera verdad que nunca supo nada durante todos los a\u00f1os en que fue brazo derecho de Karadima, significa que no tiene la capacidad b\u00e1sica de ser obispo: alguien que no se da cuenta de nada\u201d, indicaba el religioso antes de la visita de Francisco a Chile.<\/p>\n<p>&nbsp;<\/p>\n<p>Una carta difundida a comienzos de enero, con fecha 31 de enero de 2015, da cuenta de que el Papa sab\u00eda de la resistencia que generaba el nombramiento de Barros y las acusaciones en su contra. En la misiva dirigida al Comit\u00e9 Permanente de la Conferencia Episcopal chilena, relataba las frustradas gestiones para apartarlo y ofrecerle un a\u00f1o sab\u00e1tico: \u201cComprendo lo que me dicen y soy consciente de que la situaci\u00f3n de la Iglesia de Chile es dif\u00edcil debido a todas las pruebas que han tenido que soportar\u201d. Francisco, sin embargo, no solo le entreg\u00f3 el obispado, sino que en octubre de 2015 lo defendi\u00f3 p\u00fablicamente en un pol\u00e9mico v\u00eddeo filmando por feligreses chilenos en Roma: \u201cOsorno sufre por tonta\u201d, dijo el Papa en referencia a las protestas de los ciudadanos por el arribo de Barros a la ciudad. Atribuy\u00f3 los reclamos a manipulaciones pol\u00edticas y se\u00f1al\u00f3 que las \u00fanicas acusaciones contra el obispo estaban \u201cdesacreditadas\u201d.<\/p>\n<p>&nbsp;<\/p>\n<p>Los esfuerzos del Francisco por luchar contra los abusos sexuales en la Iglesia cat\u00f3lica avanzan de forma muy lenta. Su intenci\u00f3n, como se\u00f1alan siempre las v\u00edctimas, fue honesta. Pero fen\u00f3menos como la par\u00e1lisis de la comisi\u00f3n que cre\u00f3 en 2014 para trabajar para prevenir casos en el futuro y en la que incluy\u00f3 a dos v\u00edctimas es un ejemplo de ello. De hecho, ambas v\u00edctimas -Peter Saunders y Marie Collins- dimitieron al no ver ning\u00fan resultado y denunciaron p\u00fablicamente que el \u00f3rgano, por unos motivos u otros, no era capaz de ejecutar las anunciadas reformas. Collins, s\u00edmbolo de la lucha de las v\u00edctimas de abusos por parte de la Iglesia, se ha mostrado muy cr\u00edtica tambi\u00e9n con el episodio de Chile.<\/p>\n","protected":false},"excerpt":{"rendered":"<p>Francisco env\u00eda a un investigador clave en el caso Maciel para escuchar el relato de las v\u00edctimas de abusos que acusan al obispo Juan Barros de encubrimiento &nbsp; &nbsp; &nbsp; El viaje del Papa a Chile y Per\u00fa a mediados de enero dej\u00f3 un sabor agridulce en el Vaticano. La etapa chilena, a priori poco exigente diplom\u00e1ticamente, qued\u00f3 empa\u00f1ada por las acusaciones de encubrimiento de abusos contra el obispo chileno Juan Barros, a quien el Pont\u00edfice defendi\u00f3 en\u00e9rgicamente y permiti\u00f3 asistir en primera fila a todos sus actos. Ante las&#8230;<\/p>\n","protected":false},"author":3,"featured_media":22921,"comment_status":"closed","ping_status":"closed","sticky":false,"template":"","format":"standard","meta":[],"categories":[4],"tags":[],"_links":{"self":[{"href":"https:\/\/www.actualidadadiario.com\/index.php\/wp-json\/wp\/v2\/posts\/22920"}],"collection":[{"href":"https:\/\/www.actualidadadiario.com\/index.php\/wp-json\/wp\/v2\/posts"}],"about":[{"href":"https:\/\/www.actualidadadiario.com\/index.php\/wp-json\/wp\/v2\/types\/post"}],"author":[{"embeddable":true,"href":"https:\/\/www.actualidadadiario.com\/index.php\/wp-json\/wp\/v2\/users\/3"}],"replies":[{"embeddable":true,"href":"https:\/\/www.actualidadadiario.com\/index.php\/wp-json\/wp\/v2\/comments?post=22920"}],"version-history":[{"count":1,"href":"https:\/\/www.actualidadadiario.com\/index.php\/wp-json\/wp\/v2\/posts\/22920\/revisions"}],"predecessor-version":[{"id":22922,"href":"https:\/\/www.actualidadadiario.com\/index.php\/wp-json\/wp\/v2\/posts\/22920\/revisions\/22922"}],"wp:featuredmedia":[{"embeddable":true,"href":"https:\/\/www.actualidadadiario.com\/index.php\/wp-json\/wp\/v2\/media\/22921"}],"wp:attachment":[{"href":"https:\/\/www.actualidadadiario.com\/index.php\/wp-json\/wp\/v2\/media?parent=22920"}],"wp:term":[{"taxonomy":"category","embeddable":true,"href":"https:\/\/www.actualidadadiario.com\/index.php\/wp-json\/wp\/v2\/categories?post=22920"},{"taxonomy":"post_tag","embeddable":true,"href":"https:\/\/www.actualidadadiario.com\/index.php\/wp-json\/wp\/v2\/tags?post=22920"}],"curies":[{"name":"wp","href":"https:\/\/api.w.org\/{rel}","templated":true}]}}