{"id":22912,"date":"2018-01-31T13:45:39","date_gmt":"2018-01-31T16:45:39","guid":{"rendered":"http:\/\/actualidadadiario.com\/site\/?p=22912"},"modified":"2018-11-06T19:50:33","modified_gmt":"2018-11-06T22:50:33","slug":"la-justicia-de-brasil-le-nego-a-lula-el-habeas-corpus","status":"publish","type":"post","link":"https:\/\/www.actualidadadiario.com\/index.php\/2018\/01\/31\/la-justicia-de-brasil-le-nego-a-lula-el-habeas-corpus\/","title":{"rendered":"La Justicia de Brasil le neg\u00f3 a Lula el h\u00e1beas corpus"},"content":{"rendered":"<p><em><b>El ex presidente\u00a0no podr\u00eda de esta manera evitar ir a la c\u00e1rcel a cumplir la condena a 12 a\u00f1os que se le impuso d\u00edas atr\u00e1s<\/b><\/em><\/p>\n<p>&nbsp;<\/p>\n<p>&nbsp;<\/p>\n<p>&nbsp;<\/p>\n<p>El Tribunal Superior de Justicia (STJ) de Brasil rechaz\u00f3 otorgarle a Lula da Silva el h\u00e1beas corpus preventivo que hab\u00eda presentado su defensa para evitar la detenci\u00f3n y que se ejecute la condena a 12 a\u00f1os de forma anticipada.<\/p>\n<p>&nbsp;<\/p>\n<p>As\u00ed lo decidi\u00f3 la octava sala del Tribunal Regional Federal de Porto Alegre, que el 24 de enero \u00faltimo conden\u00f3 a Lula en segunda instancia en una causa por corrupci\u00f3n.<\/p>\n<p>&nbsp;<\/p>\n<p>Los abogados del expresidente se\u00f1alaron que usar\u00e1 los medios jur\u00eddicos necesarios para que &#8220;prevalezcan las garant\u00edas fundamentales de Lula&#8221;, quien &#8220;no puede ser privado de su libertad con base a una condena que le atribuye pr\u00e1ctica de il\u00edcitos que jam\u00e1s cometi\u00f3&#8221;.<\/p>\n<p>&nbsp;<\/p>\n<p>No obstante, la presidenta del Supremo, Carmen Lucia Antunes dijo que la Corte Suprema de Brasil &#8220;no tiene una previsi\u00f3n de agenda&#8221; para revisar la condena, que es fuertemente criticada por dirigentes pol\u00edticos y legistas de Brasil y el resto del mundo.<\/p>\n","protected":false},"excerpt":{"rendered":"<p>El ex presidente\u00a0no podr\u00eda de esta manera evitar ir a la c\u00e1rcel a cumplir la condena a 12 a\u00f1os que se le impuso d\u00edas atr\u00e1s &nbsp; &nbsp; &nbsp; El Tribunal Superior de Justicia (STJ) de Brasil rechaz\u00f3 otorgarle a Lula da Silva el h\u00e1beas corpus preventivo que hab\u00eda presentado su defensa para evitar la detenci\u00f3n y que se ejecute la condena a 12 a\u00f1os de forma anticipada. &nbsp; As\u00ed lo decidi\u00f3 la octava sala del Tribunal Regional Federal de Porto Alegre, que el 24 de enero \u00faltimo conden\u00f3 a Lula&#8230;<\/p>\n","protected":false},"author":3,"featured_media":22913,"comment_status":"closed","ping_status":"closed","sticky":false,"template":"","format":"standard","meta":[],"categories":[4],"tags":[],"_links":{"self":[{"href":"https:\/\/www.actualidadadiario.com\/index.php\/wp-json\/wp\/v2\/posts\/22912"}],"collection":[{"href":"https:\/\/www.actualidadadiario.com\/index.php\/wp-json\/wp\/v2\/posts"}],"about":[{"href":"https:\/\/www.actualidadadiario.com\/index.php\/wp-json\/wp\/v2\/types\/post"}],"author":[{"embeddable":true,"href":"https:\/\/www.actualidadadiario.com\/index.php\/wp-json\/wp\/v2\/users\/3"}],"replies":[{"embeddable":true,"href":"https:\/\/www.actualidadadiario.com\/index.php\/wp-json\/wp\/v2\/comments?post=22912"}],"version-history":[{"count":1,"href":"https:\/\/www.actualidadadiario.com\/index.php\/wp-json\/wp\/v2\/posts\/22912\/revisions"}],"predecessor-version":[{"id":22914,"href":"https:\/\/www.actualidadadiario.com\/index.php\/wp-json\/wp\/v2\/posts\/22912\/revisions\/22914"}],"wp:featuredmedia":[{"embeddable":true,"href":"https:\/\/www.actualidadadiario.com\/index.php\/wp-json\/wp\/v2\/media\/22913"}],"wp:attachment":[{"href":"https:\/\/www.actualidadadiario.com\/index.php\/wp-json\/wp\/v2\/media?parent=22912"}],"wp:term":[{"taxonomy":"category","embeddable":true,"href":"https:\/\/www.actualidadadiario.com\/index.php\/wp-json\/wp\/v2\/categories?post=22912"},{"taxonomy":"post_tag","embeddable":true,"href":"https:\/\/www.actualidadadiario.com\/index.php\/wp-json\/wp\/v2\/tags?post=22912"}],"curies":[{"name":"wp","href":"https:\/\/api.w.org\/{rel}","templated":true}]}}