{"id":22906,"date":"2018-01-31T13:27:04","date_gmt":"2018-01-31T16:27:04","guid":{"rendered":"http:\/\/actualidadadiario.com\/site\/?p=22906"},"modified":"2018-11-06T19:50:02","modified_gmt":"2018-11-06T22:50:02","slug":"gremios-cierran-filas-para-la-marcha-del-22f","status":"publish","type":"post","link":"https:\/\/www.actualidadadiario.com\/index.php\/2018\/01\/31\/gremios-cierran-filas-para-la-marcha-del-22f\/","title":{"rendered":"Gremios cierran filas para la marcha del 22F"},"content":{"rendered":"<p><em><strong>El camionero Pablo Moyano recibe a Yasky y Baradel: analizar\u00e1n la posibilidad de &#8220;una convocatoria amplia&#8221; para la marcha convocada por Hugo Moyano<\/strong><\/em><\/p>\n<p>&nbsp;<\/p>\n<p>&nbsp;<\/p>\n<p>&nbsp;<\/p>\n<p>El secretario adjunto de Camioneros, Pablo Moyano, recib\u00eda esta ma\u00f1ana en la sede del sindicato a los referentes de la CTA Hugo Yasky y Roberto Baradel, quienes le plantear\u00e1n la necesidad de realizar &#8220;una convocatoria amplia&#8221; para la movilizaci\u00f3n del gremio para el pr\u00f3ximo 22 de febrero.<\/p>\n<p>&nbsp;<\/p>\n<p>El encuentro, que fue acordado entre Moyano y Baradel en la reuni\u00f3n que realiz\u00f3 d\u00edas atr\u00e1s el PJ bonaerense, se lleva a cabo en la sede del sindicato liderado por Hugo Moyano, ubicado en el barrio porte\u00f1o de Constituci\u00f3n.<\/p>\n<p>&nbsp;<\/p>\n<p>&#8220;Creemos que hay que ampliar el tema, no s\u00f3lo por el convenio de camioneros, sino en rechazo a los despidos, a las pol\u00edticas de ajuste, la paritaria docente&#8221;, se\u00f1al\u00f3 el secretario general de SUTEBA en la previa del c\u00f3nclave.<\/p>\n<p>&nbsp;<\/p>\n<p>En di\u00e1logo con FM Soldados, Baradel consider\u00f3 que &#8220;hay que hacer una gran convocatoria de los trabajadores y las organizaciones sociales para ponerle un freno a las pol\u00edticas de ajustes que est\u00e1 aplicando el Gobierno&#8221;.<\/p>\n","protected":false},"excerpt":{"rendered":"<p>El camionero Pablo Moyano recibe a Yasky y Baradel: analizar\u00e1n la posibilidad de &#8220;una convocatoria amplia&#8221; para la marcha convocada por Hugo Moyano &nbsp; &nbsp; &nbsp; El secretario adjunto de Camioneros, Pablo Moyano, recib\u00eda esta ma\u00f1ana en la sede del sindicato a los referentes de la CTA Hugo Yasky y Roberto Baradel, quienes le plantear\u00e1n la necesidad de realizar &#8220;una convocatoria amplia&#8221; para la movilizaci\u00f3n del gremio para el pr\u00f3ximo 22 de febrero. &nbsp; El encuentro, que fue acordado entre Moyano y Baradel en la reuni\u00f3n que realiz\u00f3 d\u00edas atr\u00e1s&#8230;<\/p>\n","protected":false},"author":3,"featured_media":22907,"comment_status":"closed","ping_status":"closed","sticky":false,"template":"","format":"standard","meta":[],"categories":[9,18],"tags":[],"_links":{"self":[{"href":"https:\/\/www.actualidadadiario.com\/index.php\/wp-json\/wp\/v2\/posts\/22906"}],"collection":[{"href":"https:\/\/www.actualidadadiario.com\/index.php\/wp-json\/wp\/v2\/posts"}],"about":[{"href":"https:\/\/www.actualidadadiario.com\/index.php\/wp-json\/wp\/v2\/types\/post"}],"author":[{"embeddable":true,"href":"https:\/\/www.actualidadadiario.com\/index.php\/wp-json\/wp\/v2\/users\/3"}],"replies":[{"embeddable":true,"href":"https:\/\/www.actualidadadiario.com\/index.php\/wp-json\/wp\/v2\/comments?post=22906"}],"version-history":[{"count":1,"href":"https:\/\/www.actualidadadiario.com\/index.php\/wp-json\/wp\/v2\/posts\/22906\/revisions"}],"predecessor-version":[{"id":22908,"href":"https:\/\/www.actualidadadiario.com\/index.php\/wp-json\/wp\/v2\/posts\/22906\/revisions\/22908"}],"wp:featuredmedia":[{"embeddable":true,"href":"https:\/\/www.actualidadadiario.com\/index.php\/wp-json\/wp\/v2\/media\/22907"}],"wp:attachment":[{"href":"https:\/\/www.actualidadadiario.com\/index.php\/wp-json\/wp\/v2\/media?parent=22906"}],"wp:term":[{"taxonomy":"category","embeddable":true,"href":"https:\/\/www.actualidadadiario.com\/index.php\/wp-json\/wp\/v2\/categories?post=22906"},{"taxonomy":"post_tag","embeddable":true,"href":"https:\/\/www.actualidadadiario.com\/index.php\/wp-json\/wp\/v2\/tags?post=22906"}],"curies":[{"name":"wp","href":"https:\/\/api.w.org\/{rel}","templated":true}]}}