{"id":22903,"date":"2018-01-31T13:26:04","date_gmt":"2018-01-31T16:26:04","guid":{"rendered":"http:\/\/actualidadadiario.com\/site\/?p=22903"},"modified":"2018-11-06T19:51:06","modified_gmt":"2018-11-06T22:51:06","slug":"macri-dijo-que-el-indec-ahora-es-confiable-y-que-la-pobreza-empezo-a-bajar","status":"publish","type":"post","link":"https:\/\/www.actualidadadiario.com\/index.php\/2018\/01\/31\/macri-dijo-que-el-indec-ahora-es-confiable-y-que-la-pobreza-empezo-a-bajar\/","title":{"rendered":"Macri dijo que el Indec &#8220;ahora es confiable&#8221; y que &#8220;la pobreza empez\u00f3 a bajar&#8221;"},"content":{"rendered":"<p><em><strong>Fue en el acto por el 50\u00b0 aniversario del organismo<\/strong><\/em><\/p>\n<p>&nbsp;<\/p>\n<p>&nbsp;<\/p>\n<p>&nbsp;<\/p>\n<p>El presidente Mauricio Macri destac\u00f3 hoy el \u201ccompromiso con la verdad y la transparencia\u201d del Instituto Nacional de Estad\u00edstica y Censos (Indec) en el acto por los 50 a\u00f1os del organismo. \u201cPas\u00f3 de la oscuridad a la transparencia\u201d, sentenci\u00f3 el mandatario ante parte de su gabinete.<\/p>\n<p>&nbsp;<\/p>\n<p>\u201cLa credibilidad del Indec es clave para integrarnos con el\u00a0 mundo\u201d, resalt\u00f3 el jefe de Estado, quien sostuvo que \u201csolo diciendo la verdad sobre el presente, podemos proyectar un futuro mejor para todos. Este ha sido mi compromiso\u00a0 central con todos los argentinos\u201d.<\/p>\n<p>&nbsp;<\/p>\n<p>En un acto que se llev\u00f3 a cabo en la sala Casacuberta del Teatro General San Mart\u00edn, destac\u00f3 que &#8220;la transformaci\u00f3n del Indec fue un gran punto de partida, porque s\u00f3lo si conocemos la realidad podemos cambiarla.<\/p>\n<p>&nbsp;<\/p>\n<p>&#8220;Gracias a que tenemos estad\u00edsticas confiables, tenemos la certeza que nuestro pa\u00eds est\u00e1 creciendo\u201d, pero aclar\u00f3 que a\u00fan \u201cpero hay un tercio\u201d de argentinos \u201cen la pobreza\u201d.<\/p>\n<p>&nbsp;<\/p>\n<p>Seg\u00fan Macri, \u201cla cifra de pobreza empez\u00f3 a bajar\u201d y que eso \u201calienta\u201d, al tiempo que destac\u00f3 que el pa\u00eds \u201cest\u00e1 creciendo\u201d, aunque a\u00fan \u201chay casi un tercio de la poblaci\u00f3n viviendo en la pobreza\u201d.\u00a0 Tambi\u00e9n sostuvo que durante su reciente gira internacional por Rusia, Suiza y Francia pudo comprobar que el mundo \u201cahora cree en nuestras estad\u00edsticas\u201d, lo que constituye \u201cla base de que crean en nosotros\u201d.<\/p>\n<p>&nbsp;<\/p>\n<p>Macri se expres\u00f3 de este modo al encabezar con la presencia\u00a0 del ministro de Hacienda, Nicol\u00e1s Dujovne, y el titular de la entidad, Jorge Todesca. Fue el responsable del organismo, quien antes del acto sostuvo que los cambios en el Indec forman parte de &#8220;un proceso de cambio fuerte, dif\u00edcil de ver en la superficie&#8221;.<\/p>\n","protected":false},"excerpt":{"rendered":"<p>Fue en el acto por el 50\u00b0 aniversario del organismo &nbsp; &nbsp; &nbsp; El presidente Mauricio Macri destac\u00f3 hoy el \u201ccompromiso con la verdad y la transparencia\u201d del Instituto Nacional de Estad\u00edstica y Censos (Indec) en el acto por los 50 a\u00f1os del organismo. \u201cPas\u00f3 de la oscuridad a la transparencia\u201d, sentenci\u00f3 el mandatario ante parte de su gabinete. &nbsp; \u201cLa credibilidad del Indec es clave para integrarnos con el\u00a0 mundo\u201d, resalt\u00f3 el jefe de Estado, quien sostuvo que \u201csolo diciendo la verdad sobre el presente, podemos proyectar un futuro&#8230;<\/p>\n","protected":false},"author":3,"featured_media":22904,"comment_status":"closed","ping_status":"closed","sticky":false,"template":"","format":"standard","meta":[],"categories":[18],"tags":[],"_links":{"self":[{"href":"https:\/\/www.actualidadadiario.com\/index.php\/wp-json\/wp\/v2\/posts\/22903"}],"collection":[{"href":"https:\/\/www.actualidadadiario.com\/index.php\/wp-json\/wp\/v2\/posts"}],"about":[{"href":"https:\/\/www.actualidadadiario.com\/index.php\/wp-json\/wp\/v2\/types\/post"}],"author":[{"embeddable":true,"href":"https:\/\/www.actualidadadiario.com\/index.php\/wp-json\/wp\/v2\/users\/3"}],"replies":[{"embeddable":true,"href":"https:\/\/www.actualidadadiario.com\/index.php\/wp-json\/wp\/v2\/comments?post=22903"}],"version-history":[{"count":1,"href":"https:\/\/www.actualidadadiario.com\/index.php\/wp-json\/wp\/v2\/posts\/22903\/revisions"}],"predecessor-version":[{"id":22905,"href":"https:\/\/www.actualidadadiario.com\/index.php\/wp-json\/wp\/v2\/posts\/22903\/revisions\/22905"}],"wp:featuredmedia":[{"embeddable":true,"href":"https:\/\/www.actualidadadiario.com\/index.php\/wp-json\/wp\/v2\/media\/22904"}],"wp:attachment":[{"href":"https:\/\/www.actualidadadiario.com\/index.php\/wp-json\/wp\/v2\/media?parent=22903"}],"wp:term":[{"taxonomy":"category","embeddable":true,"href":"https:\/\/www.actualidadadiario.com\/index.php\/wp-json\/wp\/v2\/categories?post=22903"},{"taxonomy":"post_tag","embeddable":true,"href":"https:\/\/www.actualidadadiario.com\/index.php\/wp-json\/wp\/v2\/tags?post=22903"}],"curies":[{"name":"wp","href":"https:\/\/api.w.org\/{rel}","templated":true}]}}