{"id":22900,"date":"2018-01-31T13:24:29","date_gmt":"2018-01-31T16:24:29","guid":{"rendered":"http:\/\/actualidadadiario.com\/site\/?p=22900"},"modified":"2018-11-06T19:50:44","modified_gmt":"2018-11-06T22:50:44","slug":"la-semana-proxima-la-bicameral-analizara-megadecreto-de-macri","status":"publish","type":"post","link":"https:\/\/www.actualidadadiario.com\/index.php\/2018\/01\/31\/la-semana-proxima-la-bicameral-analizara-megadecreto-de-macri\/","title":{"rendered":"La semana pr\u00f3xima, la Bicameral analizar\u00e1 megadecreto de Macri"},"content":{"rendered":"<p><em><strong>La Comisi\u00f3n de Tr\u00e1mite Legislativo ser\u00e1 constituida el pr\u00f3ximo martes, para tratar el decreto firmado por Mauricio Macri, cuyo objetivo es \u201cdesburocratizar\u201d el Estado. El oficialismo cuenta con mitad de los miembros de la misma<\/strong><\/em><\/p>\n<p>&nbsp;<\/p>\n<p>&nbsp;<\/p>\n<p>&nbsp;<\/p>\n<p>&nbsp;<\/p>\n<p>&nbsp;<\/p>\n<p>EL 6 de febrero a las 15:30, la Comisi\u00f3n Bicameral Permanente de Tr\u00e1mite Legislativo, analizar\u00e1 el DNU del presidente, por lo que cumplir\u00e1 con el plazo de diez d\u00edas h\u00e1biles que contempla la ley, para tratar el ingreso del DNU al Congreso, el cual vence el jueves 8.<\/p>\n<p>&nbsp;<\/p>\n<p>La presidencia de la Comisi\u00f3n, si bien a\u00fan no est\u00e1 definida, recaer\u00eda en el jefe del interbloque oficialista en la C\u00e1mara alta, Luis Naidenoff; el cual tendr\u00e1 como objetivo coordinar y monitorear la validez de los decretos de necesidad y urgencia.<\/p>\n<p>&nbsp;<\/p>\n<p>Cambiemos tiene la mitad de los lugares, mientras que el resto de las plazas son para el kirchnerismo, el justicialismo y un partido provincial salte\u00f1o. El presidente de la C\u00e1mara de Diputados, Emilio Monz\u00f3 logr\u00f3 colar 5 de los 8 diputados que integran la Comisi\u00f3n, mientras que los 8 representantes por el Senado (en total son 16 integrantes); 3 son oficialistas: la juje\u00f1a radical Silvia del Rosario Giacoppo, el macrista correntino Pedro Braillard Poccard y el propio Naidenoff.<\/p>\n","protected":false},"excerpt":{"rendered":"<p>La Comisi\u00f3n de Tr\u00e1mite Legislativo ser\u00e1 constituida el pr\u00f3ximo martes, para tratar el decreto firmado por Mauricio Macri, cuyo objetivo es \u201cdesburocratizar\u201d el Estado. El oficialismo cuenta con mitad de los miembros de la misma &nbsp; &nbsp; &nbsp; &nbsp; &nbsp; EL 6 de febrero a las 15:30, la Comisi\u00f3n Bicameral Permanente de Tr\u00e1mite Legislativo, analizar\u00e1 el DNU del presidente, por lo que cumplir\u00e1 con el plazo de diez d\u00edas h\u00e1biles que contempla la ley, para tratar el ingreso del DNU al Congreso, el cual vence el jueves 8. &nbsp; La&#8230;<\/p>\n","protected":false},"author":3,"featured_media":22901,"comment_status":"closed","ping_status":"closed","sticky":false,"template":"","format":"standard","meta":[],"categories":[18],"tags":[],"_links":{"self":[{"href":"https:\/\/www.actualidadadiario.com\/index.php\/wp-json\/wp\/v2\/posts\/22900"}],"collection":[{"href":"https:\/\/www.actualidadadiario.com\/index.php\/wp-json\/wp\/v2\/posts"}],"about":[{"href":"https:\/\/www.actualidadadiario.com\/index.php\/wp-json\/wp\/v2\/types\/post"}],"author":[{"embeddable":true,"href":"https:\/\/www.actualidadadiario.com\/index.php\/wp-json\/wp\/v2\/users\/3"}],"replies":[{"embeddable":true,"href":"https:\/\/www.actualidadadiario.com\/index.php\/wp-json\/wp\/v2\/comments?post=22900"}],"version-history":[{"count":1,"href":"https:\/\/www.actualidadadiario.com\/index.php\/wp-json\/wp\/v2\/posts\/22900\/revisions"}],"predecessor-version":[{"id":22902,"href":"https:\/\/www.actualidadadiario.com\/index.php\/wp-json\/wp\/v2\/posts\/22900\/revisions\/22902"}],"wp:featuredmedia":[{"embeddable":true,"href":"https:\/\/www.actualidadadiario.com\/index.php\/wp-json\/wp\/v2\/media\/22901"}],"wp:attachment":[{"href":"https:\/\/www.actualidadadiario.com\/index.php\/wp-json\/wp\/v2\/media?parent=22900"}],"wp:term":[{"taxonomy":"category","embeddable":true,"href":"https:\/\/www.actualidadadiario.com\/index.php\/wp-json\/wp\/v2\/categories?post=22900"},{"taxonomy":"post_tag","embeddable":true,"href":"https:\/\/www.actualidadadiario.com\/index.php\/wp-json\/wp\/v2\/tags?post=22900"}],"curies":[{"name":"wp","href":"https:\/\/api.w.org\/{rel}","templated":true}]}}