{"id":22895,"date":"2018-01-31T13:22:41","date_gmt":"2018-01-31T16:22:41","guid":{"rendered":"http:\/\/actualidadadiario.com\/site\/?p=22895"},"modified":"2018-11-06T19:52:19","modified_gmt":"2018-11-06T22:52:19","slug":"se-publico-el-decreto-sobre-familiares-y-establece-dos-excepciones-para-su-renuncia","status":"publish","type":"post","link":"https:\/\/www.actualidadadiario.com\/index.php\/2018\/01\/31\/se-publico-el-decreto-sobre-familiares-y-establece-dos-excepciones-para-su-renuncia\/","title":{"rendered":"Se public\u00f3 el decreto sobre familiares y establece dos excepciones para su renuncia"},"content":{"rendered":"<p><em><strong>Apenas 48 horas del anuncio presidencial respecto de la prohibici\u00f3n de que familiares de funcionarios ocupen cargos rentados en el Estado, fue publicado en el Bolet\u00edn Oficial el decreto que puntualiza los alcances de la medida. Quedan exceptuados los cargos obtenidos por concurso y los que tengan una cantidad de a\u00f1os en el cargo que demuestre \u201cestabilidad en el cargo\u201d. Los funcionarios alcanzados por la medida deber\u00e1n renunciar a sus cargos antes del 28 de febrero<\/strong><\/em><\/p>\n<p>&nbsp;<\/p>\n<p>&nbsp;<\/p>\n<p>&nbsp;<\/p>\n<p>&nbsp;<\/p>\n<p>Esta ma\u00f1ana fue publicado en el Bolet\u00edn Oficial el decreto 93\/2018, con las firmas del presidente Mauricio Macri y del jefe de Gabinete Marcos Pe\u00f1a. Los considerandos del decreto explican que se apunta a \u201ccontinuar mejorando la institucionalidad, la integridad y la transparencia de todas las pol\u00edticas p\u00fablicas\u201d y que \u201ctranscurridos dos a\u00f1os de gesti\u00f3n, y efectuado un reordenamiento administrativo que ha permitido mejorar la gesti\u00f3n global del Estado Nacional, resulta ahora necesario adecuar nuevos criterios que sean aplicables al r\u00e9gimen de designaciones bajo cualquier modalidad de funcionarios p\u00fablicos\u201d.<\/p>\n<p>&nbsp;<\/p>\n<p>El primer art\u00edculo del decreto dispone que \u201cno podr\u00e1n efectuarse designaciones de personas, bajo cualquier modalidad, en todo el sector p\u00fablico nacional, que tengan alg\u00fan v\u00ednculo de parentesco tanto en l\u00ednea recta como en l\u00ednea colateral hasta el segundo grado, con el presidente y vicepresidente de la Naci\u00f3n, jefe de Gabinete de Ministros, ministros y dem\u00e1s funcionarios con rango y jerarqu\u00eda de ministro. Quedan incluidos el c\u00f3nyuge y la uni\u00f3n convivencial\u201d.<\/p>\n<p>&nbsp;<\/p>\n<p>El texto tambi\u00e9n establece dos excepciones a la norma, por lo que podr\u00e1n seguir en sus cargos los familiares de funcionarios que hayan sido designados \u201cmediante procesos de selecci\u00f3n por concurso p\u00fablico de antecedentes o que cuenten con estabilidad en el cargo\u201d. Desde el oficialismo aclaran que el \u00edtem vinculado con la estabilidad, decididamente ambiguo ya que no se establece de cu\u00e1ntos a\u00f1os deber\u00eda ser la ocupaci\u00f3n del cargo para no ser alcanzada por el decreto, tambi\u00e9n se aplicar\u00eda a los funcionarios que hayan hecho reserva de sus cargos como funcionarios estatales por haber ido a ocupar transitoriamente alg\u00fan otro puesto pol\u00edtico.<\/p>\n<p>&nbsp;<\/p>\n<p>El impacto del anuncio presidencial comenz\u00f3 a sentirse inmediatamente con las renuncias inmediatas de las dos hermanas del ministro Jorge Triaca, quien de alguna manera desat\u00f3 la necesidad de este anuncio al quedar en el foco medi\u00e1tico por la designaci\u00f3n irregular de su empleada en el SOMU intervenido, del hermano del jefe de Gabinete y del hijo de la ministra de Seguridad, Patricia Bullrich. Este martes tambi\u00e9n anunci\u00f3 su renuncia Octavio Frigerio, padre del ministro del Interior Rogelio Frigerio. Seg\u00fan el ministro de Modernizaci\u00f3n Andr\u00e9s Ibarra \u201cno hay m\u00e1s de 40 casos\u201d de familiares de funcionarios que deben presentar sus renuncias luego de la publicaci\u00f3n del decreto.<\/p>\n","protected":false},"excerpt":{"rendered":"<p>Apenas 48 horas del anuncio presidencial respecto de la prohibici\u00f3n de que familiares de funcionarios ocupen cargos rentados en el Estado, fue publicado en el Bolet\u00edn Oficial el decreto que puntualiza los alcances de la medida. Quedan exceptuados los cargos obtenidos por concurso y los que tengan una cantidad de a\u00f1os en el cargo que demuestre \u201cestabilidad en el cargo\u201d. Los funcionarios alcanzados por la medida deber\u00e1n renunciar a sus cargos antes del 28 de febrero &nbsp; &nbsp; &nbsp; &nbsp; Esta ma\u00f1ana fue publicado en el Bolet\u00edn Oficial el decreto&#8230;<\/p>\n","protected":false},"author":3,"featured_media":22832,"comment_status":"closed","ping_status":"closed","sticky":false,"template":"","format":"standard","meta":[],"categories":[18],"tags":[],"_links":{"self":[{"href":"https:\/\/www.actualidadadiario.com\/index.php\/wp-json\/wp\/v2\/posts\/22895"}],"collection":[{"href":"https:\/\/www.actualidadadiario.com\/index.php\/wp-json\/wp\/v2\/posts"}],"about":[{"href":"https:\/\/www.actualidadadiario.com\/index.php\/wp-json\/wp\/v2\/types\/post"}],"author":[{"embeddable":true,"href":"https:\/\/www.actualidadadiario.com\/index.php\/wp-json\/wp\/v2\/users\/3"}],"replies":[{"embeddable":true,"href":"https:\/\/www.actualidadadiario.com\/index.php\/wp-json\/wp\/v2\/comments?post=22895"}],"version-history":[{"count":1,"href":"https:\/\/www.actualidadadiario.com\/index.php\/wp-json\/wp\/v2\/posts\/22895\/revisions"}],"predecessor-version":[{"id":22896,"href":"https:\/\/www.actualidadadiario.com\/index.php\/wp-json\/wp\/v2\/posts\/22895\/revisions\/22896"}],"wp:featuredmedia":[{"embeddable":true,"href":"https:\/\/www.actualidadadiario.com\/index.php\/wp-json\/wp\/v2\/media\/22832"}],"wp:attachment":[{"href":"https:\/\/www.actualidadadiario.com\/index.php\/wp-json\/wp\/v2\/media?parent=22895"}],"wp:term":[{"taxonomy":"category","embeddable":true,"href":"https:\/\/www.actualidadadiario.com\/index.php\/wp-json\/wp\/v2\/categories?post=22895"},{"taxonomy":"post_tag","embeddable":true,"href":"https:\/\/www.actualidadadiario.com\/index.php\/wp-json\/wp\/v2\/tags?post=22895"}],"curies":[{"name":"wp","href":"https:\/\/api.w.org\/{rel}","templated":true}]}}