{"id":22892,"date":"2018-01-31T13:21:45","date_gmt":"2018-01-31T16:21:45","guid":{"rendered":"http:\/\/actualidadadiario.com\/site\/?p=22892"},"modified":"2018-11-06T19:51:06","modified_gmt":"2018-11-06T22:51:06","slug":"macri-le-transfirio-el-plan-progresar-a-finocchiaro","status":"publish","type":"post","link":"https:\/\/www.actualidadadiario.com\/index.php\/2018\/01\/31\/macri-le-transfirio-el-plan-progresar-a-finocchiaro\/","title":{"rendered":"Macri le transfiri\u00f3 el plan Progresar a Finocchiaro"},"content":{"rendered":"<p><em><strong>Mauricio Macri relanz\u00f3 este martes el programa de becas educativas Progresar que depend\u00eda de Anses y lo transfiri\u00f3 al ministerio de Educaci\u00f3n<\/strong><\/em><\/p>\n<p>&nbsp;<\/p>\n<p>&nbsp;<\/p>\n<p>&nbsp;<\/p>\n<p>El nuevo plan, que ahora se llamar\u00e1 Becas Progresar, tendr\u00e1 la novedad de presentar &#8220;mayores incentivos econ\u00f3micos a los que estudian carreras estrat\u00e9gicas&#8221;.\u00a0 Macri lo relanz\u00f3 como &#8220;el plan nacional de becas educativas m\u00e1s importante de Latinoam\u00e9rica&#8221;, con un presupuesto de 10.000 millones de pesos en 2018 para quienes quieran terminar el primario o el secundario, ir a la universidad o hacer cursos de formaci\u00f3n profesional.<\/p>\n<p>&nbsp;<\/p>\n<p>Mientras el a\u00f1o pasado el monto asignado a los estudiantes era de 900 pesos por mes, ahora quienes cursen carreras estrat\u00e9gicas tendr\u00e1n un aumento m\u00ednimo de 66%, con la posibilidad de llegar hasta los $4.900 mensuales a medida que avancen en sus carreras.<\/p>\n<p>&nbsp;<\/p>\n<p>Para el resto de las carreras universitarias, el aumento autom\u00e1tico es del 48% y el monto mayor posible es de $2.300 mensuales.<\/p>\n<p>&nbsp;<\/p>\n<p>&#8220;Progresar es un voto de confianza al esfuerzo, al compromiso y a la superaci\u00f3n&#8221;, sostuvo el mandatario en el acto realizado en el Sal\u00f3n Pueblos Originarios de la Casa Rosada.<\/p>\n<p>&nbsp;<\/p>\n<p>El presidente estuvo acompa\u00f1ado por el ministro de Educaci\u00f3n, Alejandro Finocchiaro, y resalt\u00f3 que el objetivo de la nueva modalidad del programa de becas es lograr la &#8220;igualdad de oportunidades&#8221;: &#8220;El crecimiento personal de cada joven es el crecimiento del pa\u00eds&#8221;, se\u00f1al\u00f3.<\/p>\n<p>&nbsp;<\/p>\n<p>&#8220;Sembrando educaci\u00f3n vamos a cosechar futuro&#8221;, remarc\u00f3 el l\u00edder del PRO, quien asegur\u00f3 que Progresar &#8220;ahora es un verdadero programa de becas&#8221;, en una cr\u00edtica velada al programa que hab\u00eda heredado del kirchnerismo.<\/p>\n","protected":false},"excerpt":{"rendered":"<p>Mauricio Macri relanz\u00f3 este martes el programa de becas educativas Progresar que depend\u00eda de Anses y lo transfiri\u00f3 al ministerio de Educaci\u00f3n &nbsp; &nbsp; &nbsp; El nuevo plan, que ahora se llamar\u00e1 Becas Progresar, tendr\u00e1 la novedad de presentar &#8220;mayores incentivos econ\u00f3micos a los que estudian carreras estrat\u00e9gicas&#8221;.\u00a0 Macri lo relanz\u00f3 como &#8220;el plan nacional de becas educativas m\u00e1s importante de Latinoam\u00e9rica&#8221;, con un presupuesto de 10.000 millones de pesos en 2018 para quienes quieran terminar el primario o el secundario, ir a la universidad o hacer cursos de formaci\u00f3n&#8230;<\/p>\n","protected":false},"author":3,"featured_media":22893,"comment_status":"closed","ping_status":"closed","sticky":false,"template":"","format":"standard","meta":[],"categories":[18],"tags":[],"_links":{"self":[{"href":"https:\/\/www.actualidadadiario.com\/index.php\/wp-json\/wp\/v2\/posts\/22892"}],"collection":[{"href":"https:\/\/www.actualidadadiario.com\/index.php\/wp-json\/wp\/v2\/posts"}],"about":[{"href":"https:\/\/www.actualidadadiario.com\/index.php\/wp-json\/wp\/v2\/types\/post"}],"author":[{"embeddable":true,"href":"https:\/\/www.actualidadadiario.com\/index.php\/wp-json\/wp\/v2\/users\/3"}],"replies":[{"embeddable":true,"href":"https:\/\/www.actualidadadiario.com\/index.php\/wp-json\/wp\/v2\/comments?post=22892"}],"version-history":[{"count":1,"href":"https:\/\/www.actualidadadiario.com\/index.php\/wp-json\/wp\/v2\/posts\/22892\/revisions"}],"predecessor-version":[{"id":22894,"href":"https:\/\/www.actualidadadiario.com\/index.php\/wp-json\/wp\/v2\/posts\/22892\/revisions\/22894"}],"wp:featuredmedia":[{"embeddable":true,"href":"https:\/\/www.actualidadadiario.com\/index.php\/wp-json\/wp\/v2\/media\/22893"}],"wp:attachment":[{"href":"https:\/\/www.actualidadadiario.com\/index.php\/wp-json\/wp\/v2\/media?parent=22892"}],"wp:term":[{"taxonomy":"category","embeddable":true,"href":"https:\/\/www.actualidadadiario.com\/index.php\/wp-json\/wp\/v2\/categories?post=22892"},{"taxonomy":"post_tag","embeddable":true,"href":"https:\/\/www.actualidadadiario.com\/index.php\/wp-json\/wp\/v2\/tags?post=22892"}],"curies":[{"name":"wp","href":"https:\/\/api.w.org\/{rel}","templated":true}]}}