{"id":22889,"date":"2018-01-31T13:20:51","date_gmt":"2018-01-31T16:20:51","guid":{"rendered":"http:\/\/actualidadadiario.com\/site\/?p=22889"},"modified":"2018-11-06T19:48:33","modified_gmt":"2018-11-06T22:48:33","slug":"denuncian-que-la-armada-oculta-informacion-sobre-el-paradero-del-ara-san-juan","status":"publish","type":"post","link":"https:\/\/www.actualidadadiario.com\/index.php\/2018\/01\/31\/denuncian-que-la-armada-oculta-informacion-sobre-el-paradero-del-ara-san-juan\/","title":{"rendered":"Denuncian que la Armada oculta informaci\u00f3n sobre el paradero del ARA San Juan"},"content":{"rendered":"<p><strong><em>Para familiares de los tripulantes del submarino perdido en el siniestro naval m\u00e1s tr\u00e1gico de la historia argentina fuera de un conflicto b\u00e9lico, la Armada entrega datos &#8220;a cuentagotas&#8221; y que el gobierno hace &#8220;marketing&#8221; con el caso<\/em><\/strong><\/p>\n<p>&nbsp;<\/p>\n<p>&nbsp;<\/p>\n<p>&nbsp;<\/p>\n<p>El submarino ARA San Juan est\u00e1 desaparecido desde el 15 de noviembre de 2015. Los familiares de la tripulaci\u00f3n le est\u00e1n pidiendo a la jueza que cambie la car\u00e1tula de la causa a &#8220;desaparici\u00f3n de persona&#8221; para que los \u00f3rganos de justicia internacionales puedan actuar en el caso del siniestro naval m\u00e1s tr\u00e1gico de la historia argentina fuera de un conflicto b\u00e9lico.<\/p>\n<p>&nbsp;<\/p>\n<p>Luis Tagliapietra, padre del teniente de corbeta Alejandro Tagliapietra y abogado querellante en la causa dijo que existe &#8220;cierta reticencia de la Armada a colaborar&#8221;.<\/p>\n<p>&nbsp;<\/p>\n<p>&#8220;Por un lado, el 23 de noviembre Marcos Pe\u00f1a levant\u00f3 el secreto de Estado, pero la Armada env\u00eda informaci\u00f3n a cuentagotas. De ah\u00ed que se resolvieran los allanamientos que se realizaron el viernes, para hacernos con documentaci\u00f3n&#8221;, indic\u00f3 a T\u00e9lam Radio.<\/p>\n<p>&nbsp;<\/p>\n<p>Dijo que &#8220;si hubiera una decisi\u00f3n pol\u00edtica&#8221; de decir &#8220;toda la verdad y hacer las cosas como corresponden, esto no har\u00eda falta&#8221;.<\/p>\n<p>&nbsp;<\/p>\n<p>Ayer, en el marco de la causa a cargo de la jueza Marta Y\u00e1\u00f1ez, declararon dos tripulantes que se bajaron del submarino en Ushuaia: Humberto Vilte y Juan Gabriel Viana.<\/p>\n<p>&nbsp;<\/p>\n<p>&#8220;Viana mencion\u00f3 que tuvieron un problema en los sensores de la v\u00e1lvula de cierre del snorkel&#8221;, dijo Tagliapietra.<\/p>\n<p>&nbsp;<\/p>\n<p>&#8220;Tuvieron muy buena voluntad. Si bien en algunas preguntas se not\u00f3 que estaban aleccionados, no fue lo importante. Lo importante fueron los detalles del \u00faltimo viaje y de otros viajes&#8221;, afirm\u00f3 Tagliapietra.<\/p>\n<p>&nbsp;<\/p>\n<p>&#8220;El poder pol\u00edtico se llena la boca trat\u00e1ndolos de h\u00e9roes, pero no hace lo suficiente para buscarlos y para rescatarlos. Es solamente marketing&#8221;, dijo, en referencia al gobierno nacional.<\/p>\n","protected":false},"excerpt":{"rendered":"<p>Para familiares de los tripulantes del submarino perdido en el siniestro naval m\u00e1s tr\u00e1gico de la historia argentina fuera de un conflicto b\u00e9lico, la Armada entrega datos &#8220;a cuentagotas&#8221; y que el gobierno hace &#8220;marketing&#8221; con el caso &nbsp; &nbsp; &nbsp; El submarino ARA San Juan est\u00e1 desaparecido desde el 15 de noviembre de 2015. Los familiares de la tripulaci\u00f3n le est\u00e1n pidiendo a la jueza que cambie la car\u00e1tula de la causa a &#8220;desaparici\u00f3n de persona&#8221; para que los \u00f3rganos de justicia internacionales puedan actuar en el caso del&#8230;<\/p>\n","protected":false},"author":3,"featured_media":22890,"comment_status":"closed","ping_status":"closed","sticky":false,"template":"","format":"standard","meta":[],"categories":[2],"tags":[],"_links":{"self":[{"href":"https:\/\/www.actualidadadiario.com\/index.php\/wp-json\/wp\/v2\/posts\/22889"}],"collection":[{"href":"https:\/\/www.actualidadadiario.com\/index.php\/wp-json\/wp\/v2\/posts"}],"about":[{"href":"https:\/\/www.actualidadadiario.com\/index.php\/wp-json\/wp\/v2\/types\/post"}],"author":[{"embeddable":true,"href":"https:\/\/www.actualidadadiario.com\/index.php\/wp-json\/wp\/v2\/users\/3"}],"replies":[{"embeddable":true,"href":"https:\/\/www.actualidadadiario.com\/index.php\/wp-json\/wp\/v2\/comments?post=22889"}],"version-history":[{"count":1,"href":"https:\/\/www.actualidadadiario.com\/index.php\/wp-json\/wp\/v2\/posts\/22889\/revisions"}],"predecessor-version":[{"id":22891,"href":"https:\/\/www.actualidadadiario.com\/index.php\/wp-json\/wp\/v2\/posts\/22889\/revisions\/22891"}],"wp:featuredmedia":[{"embeddable":true,"href":"https:\/\/www.actualidadadiario.com\/index.php\/wp-json\/wp\/v2\/media\/22890"}],"wp:attachment":[{"href":"https:\/\/www.actualidadadiario.com\/index.php\/wp-json\/wp\/v2\/media?parent=22889"}],"wp:term":[{"taxonomy":"category","embeddable":true,"href":"https:\/\/www.actualidadadiario.com\/index.php\/wp-json\/wp\/v2\/categories?post=22889"},{"taxonomy":"post_tag","embeddable":true,"href":"https:\/\/www.actualidadadiario.com\/index.php\/wp-json\/wp\/v2\/tags?post=22889"}],"curies":[{"name":"wp","href":"https:\/\/api.w.org\/{rel}","templated":true}]}}