{"id":22886,"date":"2018-01-31T13:19:48","date_gmt":"2018-01-31T16:19:48","guid":{"rendered":"http:\/\/actualidadadiario.com\/site\/?p=22886"},"modified":"2018-11-06T19:51:35","modified_gmt":"2018-11-06T22:51:35","slug":"paro-en-senasa-pone-en-riesgo-controles","status":"publish","type":"post","link":"https:\/\/www.actualidadadiario.com\/index.php\/2018\/01\/31\/paro-en-senasa-pone-en-riesgo-controles\/","title":{"rendered":"Paro en SENASA pone en riesgo controles"},"content":{"rendered":"<p><em><strong>Trabajadores del Servicio Nacional de Sanidad y Calidad Agroalimentaria decidieron llevar a cabo medidas de fuerza de 96 horas ante los despidos ocurridos en la \u00faltima semana. Desde ATE advierten que el ajuste llevado adelante por el Gobierno nacional puede poner a Argentina en riesgo sanitario<\/strong><\/em><\/p>\n<p>&nbsp;<\/p>\n<p>&nbsp;<\/p>\n<p>&nbsp;<\/p>\n<p>&nbsp;<\/p>\n<p>&nbsp;<\/p>\n<p>\u201cEl retiro de los servicios de inspecci\u00f3n veterinaria de los establecimientos Ciclo II y III, lo que dej\u00f3 sin funciones a m\u00e1s de mil empleados para aplicar la gura de Directores T\u00e9cnicos Privados en todos los lugares en los que se produce y elabora alimentos de origen animal y vegetal\u201d, detall\u00f3 el gremio en un comunicado.<\/p>\n<p>&nbsp;<\/p>\n<p>La decisi\u00f3n del cese de los servicios determin\u00f3 \u201cun doble est\u00e1ndar sanitario, es decir, se extremar\u00e1n los controles para exportar y no los habr\u00e1 para el consumo interno, por lo que los ciudadanos estar\u00e1n expuestos a todo tipo de enfermedades, como la escherichia coli o el s\u00edndrome ur\u00e9mico hemol\u00edtico\u201d.<\/p>\n","protected":false},"excerpt":{"rendered":"<p>Trabajadores del Servicio Nacional de Sanidad y Calidad Agroalimentaria decidieron llevar a cabo medidas de fuerza de 96 horas ante los despidos ocurridos en la \u00faltima semana. Desde ATE advierten que el ajuste llevado adelante por el Gobierno nacional puede poner a Argentina en riesgo sanitario &nbsp; &nbsp; &nbsp; &nbsp; &nbsp; \u201cEl retiro de los servicios de inspecci\u00f3n veterinaria de los establecimientos Ciclo II y III, lo que dej\u00f3 sin funciones a m\u00e1s de mil empleados para aplicar la gura de Directores T\u00e9cnicos Privados en todos los lugares en los&#8230;<\/p>\n","protected":false},"author":3,"featured_media":22887,"comment_status":"closed","ping_status":"closed","sticky":false,"template":"","format":"standard","meta":[],"categories":[2],"tags":[],"_links":{"self":[{"href":"https:\/\/www.actualidadadiario.com\/index.php\/wp-json\/wp\/v2\/posts\/22886"}],"collection":[{"href":"https:\/\/www.actualidadadiario.com\/index.php\/wp-json\/wp\/v2\/posts"}],"about":[{"href":"https:\/\/www.actualidadadiario.com\/index.php\/wp-json\/wp\/v2\/types\/post"}],"author":[{"embeddable":true,"href":"https:\/\/www.actualidadadiario.com\/index.php\/wp-json\/wp\/v2\/users\/3"}],"replies":[{"embeddable":true,"href":"https:\/\/www.actualidadadiario.com\/index.php\/wp-json\/wp\/v2\/comments?post=22886"}],"version-history":[{"count":1,"href":"https:\/\/www.actualidadadiario.com\/index.php\/wp-json\/wp\/v2\/posts\/22886\/revisions"}],"predecessor-version":[{"id":22888,"href":"https:\/\/www.actualidadadiario.com\/index.php\/wp-json\/wp\/v2\/posts\/22886\/revisions\/22888"}],"wp:featuredmedia":[{"embeddable":true,"href":"https:\/\/www.actualidadadiario.com\/index.php\/wp-json\/wp\/v2\/media\/22887"}],"wp:attachment":[{"href":"https:\/\/www.actualidadadiario.com\/index.php\/wp-json\/wp\/v2\/media?parent=22886"}],"wp:term":[{"taxonomy":"category","embeddable":true,"href":"https:\/\/www.actualidadadiario.com\/index.php\/wp-json\/wp\/v2\/categories?post=22886"},{"taxonomy":"post_tag","embeddable":true,"href":"https:\/\/www.actualidadadiario.com\/index.php\/wp-json\/wp\/v2\/tags?post=22886"}],"curies":[{"name":"wp","href":"https:\/\/api.w.org\/{rel}","templated":true}]}}