{"id":22880,"date":"2018-01-31T13:18:09","date_gmt":"2018-01-31T16:18:09","guid":{"rendered":"http:\/\/actualidadadiario.com\/site\/?p=22880"},"modified":"2018-11-06T19:50:17","modified_gmt":"2018-11-06T22:50:17","slug":"la-afip-cierra-direcciones-del-organismo-destinado-a-lucha-contra-el-trabajo-en-negro","status":"publish","type":"post","link":"https:\/\/www.actualidadadiario.com\/index.php\/2018\/01\/31\/la-afip-cierra-direcciones-del-organismo-destinado-a-lucha-contra-el-trabajo-en-negro\/","title":{"rendered":"La AFIP cierra direcciones del organismo destinado a lucha contra el trabajo en negro"},"content":{"rendered":"<p><em><strong>Ayer se supo que la Administraci\u00f3n Federal de Ingresos P\u00fablicos (AFIP) elimin\u00f3 tres direcciones de la Direcci\u00f3n General de los Recursos de la Seguridad Social, un organismo destinado a\u00a0 perseguir el trabajo en negro. El recorte, que va en contra dese da en el marco del plan de \u201causteridad\u201d impulsado por el Gobierno nacional<\/strong><\/em><\/p>\n<p>&nbsp;<\/p>\n<p>&nbsp;<\/p>\n<p>&nbsp;<\/p>\n<p>&nbsp;<\/p>\n<p>La disposici\u00f3n 21\/2018 de la AFIP, con la firma de su titular Alberto Abad, reorganiza la estructura del organismo recaudador achicando fuertemente la Direcci\u00f3n General de Recursos de la Seguridad Social argumentando la necesidad de \u201chacer m\u00e1s eficientes los procesos de atenci\u00f3n y control de las obligaciones impositivas, de los recursos de la seguridad social y aduaneras\u201d. El personal de las direcciones y sus tareas ser\u00e1n reasignados a la Direcci\u00f3n General Impositiva (DGI), la Direcci\u00f3n de Aduanas y la Subdirecci\u00f3n General de Servicios al Contribuyente. El proceso de transferencia deber\u00e1 concluir antes del 27 de abril.<\/p>\n<p>&nbsp;<\/p>\n<p>Julio Est\u00e9vez, Secretario General de la Uni\u00f3n del Personal Superior de la AFIP, cuestion\u00f3 lo que defini\u00f3 como \u201cla disoluci\u00f3n de la \u00fanica dependencia con capacidad operativa y entrenamiento para combatir el trabajo en negro\u201d. \u201cTeniendo en cuenta que el 50% de la poblaci\u00f3n econ\u00f3micamente activa no est\u00e1 debidamente registrada, disolver esa \u00e1rea lejos de ayudar a equilibrar las cuentas p\u00fablicas es un atentado al equilibrio fiscal\u201d, a\u00f1adi\u00f3. Desde la UGPS a\u00f1adieron que se trata de \u201cun grave error el que se est\u00e1 cometiendo achicando donde se debe invertir\u201d: \u201cCon la excusa del aumento de la eficiencia en la utilizaci\u00f3n de los recursos, vemos c\u00f3mo se adoptan medidas contrarias a la l\u00f3gica tributaria, achicando los recursos para fiscalizar\u201d.<\/p>\n<p>&nbsp;<\/p>\n<p>Las versiones respecto de la eliminaci\u00f3n del organismo ven\u00edan desde fines del a\u00f1o pasado, pero Abad lo neg\u00f3 hasta \u00faltimo momento en diversas entrevistas con los medios. El organismo hoy disuelto fue fundamental en los operativos que detectaron trabajo en negro en talleres clandestinos en la ciudad de Buenos Aires, trabajadores irregulares en fincas salte\u00f1as y empleados en negro en pizzer\u00edas del microcentro, por mencionar s\u00f3lo algunos de los \u00faltimos procedimientos que cobraron estado medi\u00e1tico.<\/p>\n","protected":false},"excerpt":{"rendered":"<p>Ayer se supo que la Administraci\u00f3n Federal de Ingresos P\u00fablicos (AFIP) elimin\u00f3 tres direcciones de la Direcci\u00f3n General de los Recursos de la Seguridad Social, un organismo destinado a\u00a0 perseguir el trabajo en negro. El recorte, que va en contra dese da en el marco del plan de \u201causteridad\u201d impulsado por el Gobierno nacional &nbsp; &nbsp; &nbsp; &nbsp; La disposici\u00f3n 21\/2018 de la AFIP, con la firma de su titular Alberto Abad, reorganiza la estructura del organismo recaudador achicando fuertemente la Direcci\u00f3n General de Recursos de la Seguridad Social argumentando&#8230;<\/p>\n","protected":false},"author":3,"featured_media":22881,"comment_status":"closed","ping_status":"closed","sticky":false,"template":"","format":"standard","meta":[],"categories":[2],"tags":[],"_links":{"self":[{"href":"https:\/\/www.actualidadadiario.com\/index.php\/wp-json\/wp\/v2\/posts\/22880"}],"collection":[{"href":"https:\/\/www.actualidadadiario.com\/index.php\/wp-json\/wp\/v2\/posts"}],"about":[{"href":"https:\/\/www.actualidadadiario.com\/index.php\/wp-json\/wp\/v2\/types\/post"}],"author":[{"embeddable":true,"href":"https:\/\/www.actualidadadiario.com\/index.php\/wp-json\/wp\/v2\/users\/3"}],"replies":[{"embeddable":true,"href":"https:\/\/www.actualidadadiario.com\/index.php\/wp-json\/wp\/v2\/comments?post=22880"}],"version-history":[{"count":1,"href":"https:\/\/www.actualidadadiario.com\/index.php\/wp-json\/wp\/v2\/posts\/22880\/revisions"}],"predecessor-version":[{"id":22882,"href":"https:\/\/www.actualidadadiario.com\/index.php\/wp-json\/wp\/v2\/posts\/22880\/revisions\/22882"}],"wp:featuredmedia":[{"embeddable":true,"href":"https:\/\/www.actualidadadiario.com\/index.php\/wp-json\/wp\/v2\/media\/22881"}],"wp:attachment":[{"href":"https:\/\/www.actualidadadiario.com\/index.php\/wp-json\/wp\/v2\/media?parent=22880"}],"wp:term":[{"taxonomy":"category","embeddable":true,"href":"https:\/\/www.actualidadadiario.com\/index.php\/wp-json\/wp\/v2\/categories?post=22880"},{"taxonomy":"post_tag","embeddable":true,"href":"https:\/\/www.actualidadadiario.com\/index.php\/wp-json\/wp\/v2\/tags?post=22880"}],"curies":[{"name":"wp","href":"https:\/\/api.w.org\/{rel}","templated":true}]}}