{"id":22868,"date":"2018-01-31T13:13:32","date_gmt":"2018-01-31T16:13:32","guid":{"rendered":"http:\/\/actualidadadiario.com\/site\/?p=22868"},"modified":"2018-11-06T19:47:55","modified_gmt":"2018-11-06T22:47:55","slug":"bordet-adelanto-los-puntos-principales-de-la-futura-reforma-electoral","status":"publish","type":"post","link":"https:\/\/www.actualidadadiario.com\/index.php\/2018\/01\/31\/bordet-adelanto-los-puntos-principales-de-la-futura-reforma-electoral\/","title":{"rendered":"Bordet adelant\u00f3 los puntos principales de la futura reforma electoral"},"content":{"rendered":"<p><em><strong>El gobernador entrerriano dijo que \u201cno es el momento\u201d de hablar de un posible desdoblamiento de las elecciones para el 2019. \u201c\u00c9ste es un a\u00f1o de gesti\u00f3n\u201d, afirm\u00f3 en contraposici\u00f3n y adelant\u00f3 que en el marco de la reforma electoral que impulsar\u00e1 el Poder Ejecutivo y que debatir\u00e1 la Legislatura desde el 15 de febrero, la boleta \u00fanica papel es una de las \u201calternativas\u201d que ha dado \u201cmuy buenos resultados\u201d<\/strong><\/em><\/p>\n<p>&nbsp;<\/p>\n<p>&nbsp;<\/p>\n<p>&nbsp;<\/p>\n<p>&#8220;\u00bfEst\u00e1 pensando en un futuro desdoblamiento para las elecciones?&#8221;, se le pregunt\u00f3 al Gobernador de cara al 2019. \u201cPersonalmente entiendo que \u00e9ste no es un a\u00f1o electoral, sino de gesti\u00f3n, donde hay que trabajar fuertemente para cumplir con los objetivos. Entonces hacer hoy especulaciones sobre si se desdoblan las elecciones, sobre si se fija el calendario, no es el momento\u201d, respondi\u00f3 el mandatario.<\/p>\n<p>&nbsp;<\/p>\n<p>Enseguida distingui\u00f3 que \u201cs\u00ed es el momento para que se haga una reforma pol\u00edtica importante y que provea a nuestras instituciones de una nueva ley electoral\u201d.<\/p>\n<p>&nbsp;<\/p>\n<p>Tras se\u00f1alar que el proyecto que impulsar\u00e1 el Ejecutivo ser\u00e1 enviado a la Legislatura para que sea debatido despu\u00e9s del 15 de febrero (apertura de sesiones ordinarias), Bordet adelant\u00f3 los puntos principales que la iniciativa deber\u00eda contemplar.<\/p>\n<p>&nbsp;<\/p>\n<p>\u201c\u00bfQu\u00e9 queremos? Que refleje lo que los ciudadanos de Entre R\u00edos hoy est\u00e1n aspirando y planteando de tener una mejor representatividad de las autoridades que se eligen, que la voluntad de la ciudadan\u00eda quede realmente expresada en el sufragio\u201d, plante\u00f3 el Gobernador.<\/p>\n<p>&nbsp;<\/p>\n<p>Y diferenci\u00f3 que \u201ccuando hay una boleta entera, que es una mara\u00f1a de papel, el ciudadano no sabe a qui\u00e9n vota o vota a uno y atr\u00e1s en la boleta s\u00e1bana hay otros que no era a lo mejor la intenci\u00f3n\u00a0 votarlos, eso distorsiona la voluntad del electorado\u201d.<\/p>\n<p>&nbsp;<\/p>\n<p>A la vez, a\u00f1adi\u00f3 que se buscar\u00e1 con la reforma \u201cque se gane en representatividad y legitimidad\u00a0 de quienes resulten electos\u201d y al mismo tiempo \u201chacer m\u00e1s agiles los comicios y generar las mejores condiciones de calidad democr\u00e1tica\u201d.<\/p>\n<p>&nbsp;<\/p>\n<p>&#8220;\u00bfSe est\u00e1 apuntando a la boleta \u00fanica papel?&#8221;, interrog\u00f3 esta Agencia, a lo que Bordet contest\u00f3: \u201cEsa es una alternativa; particularmente creo que ha dado muy buenos resultados en el sentido de que la gente elige por categor\u00edas y sabe a qui\u00e9n est\u00e1 eligiendo\u201d.<\/p>\n","protected":false},"excerpt":{"rendered":"<p>El gobernador entrerriano dijo que \u201cno es el momento\u201d de hablar de un posible desdoblamiento de las elecciones para el 2019. \u201c\u00c9ste es un a\u00f1o de gesti\u00f3n\u201d, afirm\u00f3 en contraposici\u00f3n y adelant\u00f3 que en el marco de la reforma electoral que impulsar\u00e1 el Poder Ejecutivo y que debatir\u00e1 la Legislatura desde el 15 de febrero, la boleta \u00fanica papel es una de las \u201calternativas\u201d que ha dado \u201cmuy buenos resultados\u201d &nbsp; &nbsp; &nbsp; &#8220;\u00bfEst\u00e1 pensando en un futuro desdoblamiento para las elecciones?&#8221;, se le pregunt\u00f3 al Gobernador de cara al&#8230;<\/p>\n","protected":false},"author":3,"featured_media":22869,"comment_status":"closed","ping_status":"closed","sticky":false,"template":"","format":"standard","meta":[],"categories":[15],"tags":[],"_links":{"self":[{"href":"https:\/\/www.actualidadadiario.com\/index.php\/wp-json\/wp\/v2\/posts\/22868"}],"collection":[{"href":"https:\/\/www.actualidadadiario.com\/index.php\/wp-json\/wp\/v2\/posts"}],"about":[{"href":"https:\/\/www.actualidadadiario.com\/index.php\/wp-json\/wp\/v2\/types\/post"}],"author":[{"embeddable":true,"href":"https:\/\/www.actualidadadiario.com\/index.php\/wp-json\/wp\/v2\/users\/3"}],"replies":[{"embeddable":true,"href":"https:\/\/www.actualidadadiario.com\/index.php\/wp-json\/wp\/v2\/comments?post=22868"}],"version-history":[{"count":1,"href":"https:\/\/www.actualidadadiario.com\/index.php\/wp-json\/wp\/v2\/posts\/22868\/revisions"}],"predecessor-version":[{"id":22870,"href":"https:\/\/www.actualidadadiario.com\/index.php\/wp-json\/wp\/v2\/posts\/22868\/revisions\/22870"}],"wp:featuredmedia":[{"embeddable":true,"href":"https:\/\/www.actualidadadiario.com\/index.php\/wp-json\/wp\/v2\/media\/22869"}],"wp:attachment":[{"href":"https:\/\/www.actualidadadiario.com\/index.php\/wp-json\/wp\/v2\/media?parent=22868"}],"wp:term":[{"taxonomy":"category","embeddable":true,"href":"https:\/\/www.actualidadadiario.com\/index.php\/wp-json\/wp\/v2\/categories?post=22868"},{"taxonomy":"post_tag","embeddable":true,"href":"https:\/\/www.actualidadadiario.com\/index.php\/wp-json\/wp\/v2\/tags?post=22868"}],"curies":[{"name":"wp","href":"https:\/\/api.w.org\/{rel}","templated":true}]}}