{"id":22862,"date":"2018-01-31T13:10:17","date_gmt":"2018-01-31T16:10:17","guid":{"rendered":"http:\/\/actualidadadiario.com\/site\/?p=22862"},"modified":"2018-11-06T19:48:53","modified_gmt":"2018-11-06T22:48:53","slug":"el-copnaf-trabajara-con-el-programa-federal-incluir-salud","status":"publish","type":"post","link":"https:\/\/www.actualidadadiario.com\/index.php\/2018\/01\/31\/el-copnaf-trabajara-con-el-programa-federal-incluir-salud\/","title":{"rendered":"El Copnaf trabajar\u00e1 con el Programa Federal Incluir Salud"},"content":{"rendered":"<p><em><strong>La presidenta del Consejo Provincial del Ni\u00f1o, el Adolescente y la Familia (Copnaf), Marisa Paira, se reuni\u00f3 con el equipo referente del Programa Federal Incluir Salud para acordar criterios y sumarse a un trabajo en conjunto<\/strong><\/em><\/p>\n<p>&nbsp;<\/p>\n<p>&nbsp;<\/p>\n<p>&nbsp;<\/p>\n<p>Es un programa nacional de cobertura m\u00e9dica, que se implementa en este caso a trav\u00e9s del Ministerio de Salud de Entre R\u00edos y su red de efectores en el territorio de la provincia.<\/p>\n<p>&nbsp;<\/p>\n<p>\u201cEste programa se implementa en Entre R\u00edos a trav\u00e9s del Ministerio de Salud de la provincia, con un equipo de referencia, y con el cual el Copnaf se sumar\u00e1 este a\u00f1o a trabajar en conjunto. La gente del programa ya mantuvo una reuni\u00f3n con los directores, subdirectores y coordinadores departamentales del organismo para interiorizarlos en los procedimientos para su implementaci\u00f3n\u201d, explic\u00f3 Paira.<\/p>\n<p>&nbsp;<\/p>\n<p>Y agreg\u00f3 \u201cque el Copnaf trabajar\u00e1 con el programa en el marco de los abordajes en territorio que realice, debidamente asesorado por el equipo que depende del Ministerio de Salud de la provincia\u201d.<\/p>\n<p>&nbsp;<\/p>\n<p>\u201cEl Programa Federal Incluir Salud es un Programa del Estado Nacional que tiene el mismo fin p\u00fablico que el resto de los Programas Nacionales, tales como Remediar, Sumar, esto es el fortalecimiento mediante financiaci\u00f3n espec\u00edfica a la red sanitaria provincial. Nuestro objetivo espec\u00edfico es brindar cobertura m\u00e9dica integral a los titulares de Pensiones Nacionales no Contributivas, otorgadas y a otorgarse por la Comisi\u00f3n Nacional de Pensiones Asistenciales (Ministerio de Desarrollo Social de la Naci\u00f3n) que no cuenten con alg\u00fan tipo de cobertura de servicios de salud y que se encuentren afiliados al Programa\u201d, explic\u00f3 en el marco de la reuni\u00f3n, la abogada Andrea Nassivera, referente titular del equipo del Programa Incluir Salud en la provincia.<\/p>\n<p>&nbsp;<\/p>\n<p>&nbsp;<\/p>\n<p>&nbsp;<\/p>\n<p><strong>Detalles del programa<\/strong><\/p>\n<p>A los fines de cumplir con el objetivo primordial del Programa, el Ministerio de Salud de la Naci\u00f3n encomienda, por convenio, a cada jurisdicci\u00f3n provincial, la atenci\u00f3n integral de tales beneficiarios residentes en su \u00e1mbito geogr\u00e1fico, estableciendo en el mismo pautas en lo relativo a la cobertura, accesibilidad, utilizaci\u00f3n y calidad, para el cumplimiento del cometido y dispone la transferencia presupuestaria pertinente para asistirla financieramente.<\/p>\n<p>&nbsp;<\/p>\n<p>En tal sentido, se destaca que los prestadores del Programa son los efectores p\u00fablicos (hospitales y centros de salud en la provincia), los cuales son los encargados de la atenci\u00f3n de los beneficiarios, de la gesti\u00f3n y resoluci\u00f3n de los procedimientos administrativos para dicha atenci\u00f3n, el beneficiario es paciente hospitalario.<\/p>\n","protected":false},"excerpt":{"rendered":"<p>La presidenta del Consejo Provincial del Ni\u00f1o, el Adolescente y la Familia (Copnaf), Marisa Paira, se reuni\u00f3 con el equipo referente del Programa Federal Incluir Salud para acordar criterios y sumarse a un trabajo en conjunto &nbsp; &nbsp; &nbsp; Es un programa nacional de cobertura m\u00e9dica, que se implementa en este caso a trav\u00e9s del Ministerio de Salud de Entre R\u00edos y su red de efectores en el territorio de la provincia. &nbsp; \u201cEste programa se implementa en Entre R\u00edos a trav\u00e9s del Ministerio de Salud de la provincia, con&#8230;<\/p>\n","protected":false},"author":3,"featured_media":22863,"comment_status":"closed","ping_status":"closed","sticky":false,"template":"","format":"standard","meta":[],"categories":[15],"tags":[],"_links":{"self":[{"href":"https:\/\/www.actualidadadiario.com\/index.php\/wp-json\/wp\/v2\/posts\/22862"}],"collection":[{"href":"https:\/\/www.actualidadadiario.com\/index.php\/wp-json\/wp\/v2\/posts"}],"about":[{"href":"https:\/\/www.actualidadadiario.com\/index.php\/wp-json\/wp\/v2\/types\/post"}],"author":[{"embeddable":true,"href":"https:\/\/www.actualidadadiario.com\/index.php\/wp-json\/wp\/v2\/users\/3"}],"replies":[{"embeddable":true,"href":"https:\/\/www.actualidadadiario.com\/index.php\/wp-json\/wp\/v2\/comments?post=22862"}],"version-history":[{"count":1,"href":"https:\/\/www.actualidadadiario.com\/index.php\/wp-json\/wp\/v2\/posts\/22862\/revisions"}],"predecessor-version":[{"id":22864,"href":"https:\/\/www.actualidadadiario.com\/index.php\/wp-json\/wp\/v2\/posts\/22862\/revisions\/22864"}],"wp:featuredmedia":[{"embeddable":true,"href":"https:\/\/www.actualidadadiario.com\/index.php\/wp-json\/wp\/v2\/media\/22863"}],"wp:attachment":[{"href":"https:\/\/www.actualidadadiario.com\/index.php\/wp-json\/wp\/v2\/media?parent=22862"}],"wp:term":[{"taxonomy":"category","embeddable":true,"href":"https:\/\/www.actualidadadiario.com\/index.php\/wp-json\/wp\/v2\/categories?post=22862"},{"taxonomy":"post_tag","embeddable":true,"href":"https:\/\/www.actualidadadiario.com\/index.php\/wp-json\/wp\/v2\/tags?post=22862"}],"curies":[{"name":"wp","href":"https:\/\/api.w.org\/{rel}","templated":true}]}}