{"id":22859,"date":"2018-01-31T13:08:51","date_gmt":"2018-01-31T16:08:51","guid":{"rendered":"http:\/\/actualidadadiario.com\/site\/?p=22859"},"modified":"2018-11-06T19:47:55","modified_gmt":"2018-11-06T22:47:55","slug":"bordet-consolida-el-vinculo-con-los-productores-cooperativos-de-la-provincia","status":"publish","type":"post","link":"https:\/\/www.actualidadadiario.com\/index.php\/2018\/01\/31\/bordet-consolida-el-vinculo-con-los-productores-cooperativos-de-la-provincia\/","title":{"rendered":"Bordet consolida el v\u00ednculo con los productores cooperativos de la provincia"},"content":{"rendered":"<p><em><strong>El gobernador Gustavo Bordet entreg\u00f3 este martes pr\u00e9stamos a cooperativas agropecuarias y de servicios p\u00fablicos de la provincia por un monto total de 1,5 millones de pesos. En ese marco llam\u00f3 a consolidar el v\u00ednculo con el sector y reiter\u00f3 su \u201cprofundo compromiso con el movimiento cooperativo\u201d<\/strong><\/em><\/p>\n<p>&nbsp;<\/p>\n<p>&nbsp;<\/p>\n<p>&nbsp;<\/p>\n<p>&nbsp;<\/p>\n<p>Ante productores y funcionarios, Bordet subray\u00f3 que \u201cel compromiso es con todas las cooperativas, no s\u00f3lo con las agr\u00edcolas\u201d, y sostuvo que el \u201cel reconocimiento no se hace s\u00f3lo con discursos, sino tambi\u00e9n con acciones concretas&#8221;. En este caso, destac\u00f3 la decisi\u00f3n de \u201cinstruir al Instituto de Cooperativas para que se pueda generar acceso al cr\u00e9dito por parte de las distintas cooperativas&#8221;.<\/p>\n<p>&nbsp;<\/p>\n<p>\u201cEste concepto de solidaridad y del trabajo colectivo, dejando de lado las individualidades, es algo que est\u00e1 muy marcado en nuestro territorio, sobre todo en una provincia como la nuestra constituida por muchos peque\u00f1os productores&#8221;, destac\u00f3 Bordet y valor\u00f3 &#8220;el esfuerzo solidario de cada uno de sus asociados para poder llevar adelante fines comunitarios\u201d.<\/p>\n<p>&nbsp;<\/p>\n<p>&#8220;Desde lo personal me resulta muy grato estar entregando estos fondos a cooperativas porque tengo un profundo compromiso con el movimiento cooperativo. Durante muchos a\u00f1os, cuando ejerc\u00ed mi profesi\u00f3n de contador p\u00fablico, trabaj\u00e9 como asesor de muchas cooperativas y trabaj\u00e1bamos para poder llegar con recursos que las sostengan&#8221;, agreg\u00f3.<\/p>\n<p>&nbsp;<\/p>\n<p>En esta oportunidad, recibieron fondos en calidad de pr\u00e9stamos la Cooperativa General San Mart\u00edn, de Segu\u00ed; la Cooperativa Agr\u00edcola Ganadera e Industrializaci\u00f3n, de Viale, ambas del departamento Paran\u00e1; y la Cooperativa El Progreso, de Lucas Gonz\u00e1lez, departamento Nogoy\u00e1.<\/p>\n<p>&nbsp;<\/p>\n<p>Acompa\u00f1ado por las ministras de Gobierno, Rosario Romero; de Desarrollo Social, Laura Stratta; y el secretario de Producci\u00f3n, \u00c1lvaro Gab\u00e1s, el gobernador llam\u00f3 a seguir \u201cfortaleciendo las cooperativas en el territorio de la provincia&#8221; porque es &#8220;la \u00fanica forma de poder llevar adelante la comercializaci\u00f3n de sus productos, tener un buen precio, lograr mayor volumen de producci\u00f3n o tener el acopio&#8221;.<\/p>\n<p>&nbsp;<\/p>\n<p>El mandatario dijo que &#8220;esto consolida un v\u00ednculo que debemos tener desde el gobierno con todas las cooperativas de la provincia para poder seguir trabajando en conjunto&#8221;, y felicit\u00f3 el trabajo de las mismas: &#8220;Muchas de ellas son muy antiguas y tengo que visitarlas porque es importante estar aqu\u00ed entregando aportes, pero tambi\u00e9n mantener y sostener este v\u00ednculo en cada visita&#8221;.<\/p>\n<p>&nbsp;<\/p>\n<p>&nbsp;<\/p>\n<p>&nbsp;<\/p>\n<p><strong>C\u00edrculo virtuoso<\/strong><\/p>\n<p>Por su parte, la ministra Romero sostuvo que \u201cestos pr\u00e9stamos generan un c\u00edrculo virtuoso entre el Estado y la sociedad civil, que en este caso, desarrollan con tantos a\u00f1os algo tan importante como es el cooperativismo\u201d.<\/p>\n<p>&nbsp;<\/p>\n<p>Dijo que \u201cson tres cooperativas, una de Segu\u00ed, otra de Viale y una mucho m\u00e1s nueva de Lucas Gonz\u00e1lez departamento Nogoy\u00e1. Las tres est\u00e1n vinculadas a actividades agropecuarias y tambi\u00e9n es virtuoso o es muy importante, sin desmerecer cuando el Estado subsidia, en los casos que brinda cr\u00e9ditos, confiando en la devoluci\u00f3n que proporcione la posibilidad a otros de obtenerlos. En ese sentido la pol\u00edtica del Estado entrerriano ha venido sosteni\u00e9ndose, es una actividad permanente la de los ministerios, de ese ida y vuelta con la sociedad\u201d.<\/p>\n<p>&nbsp;<\/p>\n<p>Finalmente la ministra salud\u00f3 y felicit\u00f3 \u201cpor la labor que hacen\u201d y afirm\u00f3: \u201cS\u00e9 que los fondos destinados a estos cr\u00e9ditos van a ser devueltos y van a ser reinvertidos porque las tres cooperativas han hecho una propuesta de inversi\u00f3n, en cosas que van a lograr beneficios, no solamente para los miembros de las cooperativas sino para las comunidades donde est\u00e1n las mismas\u201d.<\/p>\n<p>&nbsp;<\/p>\n<p>&nbsp;<\/p>\n<p>&nbsp;<\/p>\n<p><strong>Los pr\u00e9stamos<\/strong><\/p>\n<p>Cada entidad recibi\u00f3 la suma de 500.000 pesos los que ser\u00e1n destinados a obras y a la adquisici\u00f3n de maquinaria y elementos para su funcionamiento.<\/p>\n<p>&nbsp;<\/p>\n<p>La Cooperativa El Progreso est\u00e1 dedicada al acopio y comercializaci\u00f3n de cereales y oleaginosos, y los recursos recibidos ser\u00e1n destinados a concluir la obra de recuperaci\u00f3n del hist\u00f3rico edificio donde funciona la entidad que pertenec\u00eda a la mutual de Lucas Gonz\u00e1lez.<\/p>\n<p>&nbsp;<\/p>\n<p>La Cooperativa de Segu\u00ed, que presta servicios de electrificaci\u00f3n y realiza actividades de acopio y comercializaci\u00f3n de granos, provisi\u00f3n de insumos y agregado de valor en la producci\u00f3n porcina, destinar\u00e1 los fondos recibidos a la compra de una extractora de granos seco y una tolva autodescargable.<\/p>\n<p>&nbsp;<\/p>\n<p>En tanto, la Cooperativa de Viale, de reciente fundaci\u00f3n, se dedica a la generaci\u00f3n de valor agregado de la materia prima que producen sus socios, habiendo construido una planta de alimentos balanceados. El dinero recibido los destinar\u00e1 a la instalaci\u00f3n de una balanza.<\/p>\n<p>&nbsp;<\/p>\n<p>Estuvieron presentes en el acto realizado en la Casa de Gobierno, el presidente del Instituto de Promoci\u00f3n de Cooperativas y Mutualidades, Ricardo Etchemendy; los diputados Jos\u00e9 Allende, Daniel Koch y Gustavo Zavallo; y Alfredo Bell, de la Federaci\u00f3n Agraria de Entre R\u00edos; y Daniel Kindebaluc, presidente de la Federaci\u00f3n Entrerriana de Cooperativas (Fedeco).<\/p>\n","protected":false},"excerpt":{"rendered":"<p>El gobernador Gustavo Bordet entreg\u00f3 este martes pr\u00e9stamos a cooperativas agropecuarias y de servicios p\u00fablicos de la provincia por un monto total de 1,5 millones de pesos. En ese marco llam\u00f3 a consolidar el v\u00ednculo con el sector y reiter\u00f3 su \u201cprofundo compromiso con el movimiento cooperativo\u201d &nbsp; &nbsp; &nbsp; &nbsp; Ante productores y funcionarios, Bordet subray\u00f3 que \u201cel compromiso es con todas las cooperativas, no s\u00f3lo con las agr\u00edcolas\u201d, y sostuvo que el \u201cel reconocimiento no se hace s\u00f3lo con discursos, sino tambi\u00e9n con acciones concretas&#8221;. En este caso,&#8230;<\/p>\n","protected":false},"author":3,"featured_media":22860,"comment_status":"closed","ping_status":"closed","sticky":false,"template":"","format":"standard","meta":[],"categories":[9,15],"tags":[],"_links":{"self":[{"href":"https:\/\/www.actualidadadiario.com\/index.php\/wp-json\/wp\/v2\/posts\/22859"}],"collection":[{"href":"https:\/\/www.actualidadadiario.com\/index.php\/wp-json\/wp\/v2\/posts"}],"about":[{"href":"https:\/\/www.actualidadadiario.com\/index.php\/wp-json\/wp\/v2\/types\/post"}],"author":[{"embeddable":true,"href":"https:\/\/www.actualidadadiario.com\/index.php\/wp-json\/wp\/v2\/users\/3"}],"replies":[{"embeddable":true,"href":"https:\/\/www.actualidadadiario.com\/index.php\/wp-json\/wp\/v2\/comments?post=22859"}],"version-history":[{"count":1,"href":"https:\/\/www.actualidadadiario.com\/index.php\/wp-json\/wp\/v2\/posts\/22859\/revisions"}],"predecessor-version":[{"id":22861,"href":"https:\/\/www.actualidadadiario.com\/index.php\/wp-json\/wp\/v2\/posts\/22859\/revisions\/22861"}],"wp:featuredmedia":[{"embeddable":true,"href":"https:\/\/www.actualidadadiario.com\/index.php\/wp-json\/wp\/v2\/media\/22860"}],"wp:attachment":[{"href":"https:\/\/www.actualidadadiario.com\/index.php\/wp-json\/wp\/v2\/media?parent=22859"}],"wp:term":[{"taxonomy":"category","embeddable":true,"href":"https:\/\/www.actualidadadiario.com\/index.php\/wp-json\/wp\/v2\/categories?post=22859"},{"taxonomy":"post_tag","embeddable":true,"href":"https:\/\/www.actualidadadiario.com\/index.php\/wp-json\/wp\/v2\/tags?post=22859"}],"curies":[{"name":"wp","href":"https:\/\/api.w.org\/{rel}","templated":true}]}}