{"id":22853,"date":"2018-01-29T15:07:35","date_gmt":"2018-01-29T18:07:35","guid":{"rendered":"http:\/\/actualidadadiario.com\/site\/?p=22853"},"modified":"2018-11-06T19:49:10","modified_gmt":"2018-11-06T22:49:10","slug":"el-gobierno-provincial-realiza-operativos-para-concientizar-sobre-riesgos-viales","status":"publish","type":"post","link":"https:\/\/www.actualidadadiario.com\/index.php\/2018\/01\/29\/el-gobierno-provincial-realiza-operativos-para-concientizar-sobre-riesgos-viales\/","title":{"rendered":"El Gobierno provincial realiza operativos para concientizar sobre riesgos viales"},"content":{"rendered":"<p><em><strong>En el marco de los operativos de Verano Seguro el Ministerio de Gobierno y Justicia, a trav\u00e9s del Observatorio Provincial de Seguridad Vial, realiza campa\u00f1as de concientizaci\u00f3n sobre riesgos viales<\/strong><\/em><\/p>\n<p>&nbsp;<\/p>\n<p>&nbsp;<\/p>\n<p>&nbsp;<\/p>\n<p>Las jornadas, que iniciaron en la ciudad de Gualeguaych\u00fa y Concepci\u00f3n del Uruguay, tienen como fundamento principal la promulgaci\u00f3n de la seguridad vial en el territorio entrerriano y la concientizaci\u00f3n para garantizar verano seguro.<\/p>\n<p>&nbsp;<\/p>\n<p>\u201cEl gobernador, Gustavo Bordet y la ministra de Gobierno, Rosario Romero, han sido claros en su pedido respecto a c\u00f3mo trabajar durante el verano en la provincia. Redoblando los esfuerzos y apuntando a intensificar las acciones en materia de prevenci\u00f3n y seguridad\u201d, explic\u00f3 el secretario de Relaciones Institucionales del Ministerio de Gobierno y Justicia, Germ\u00e1n Gran\u00e9.<\/p>\n<p>&nbsp;<\/p>\n<p>Los operativos est\u00e1n destinados, en primer lugar, a establecer controles por parte de la Polic\u00eda de Entre R\u00edos en rutas provinciales, e implementar acciones de concientizaci\u00f3n a trav\u00e9s de campa\u00f1as dirigidas al turismo entrerriano.<\/p>\n<p>&nbsp;<\/p>\n<p>\u201cPara esto utilizamos diversos medios; juegos, charlas, concursos, donde se otorgan premios como es el caso de los cascos para las motos. El objeto es generar conciencia acerca de la importancia de respetar las normas y sobre todo cuidarnos y cuidar a los otros\u201d, subray\u00f3 Gran\u00e9.<\/p>\n<p>&nbsp;<\/p>\n<p>En este marco, el funcionario destac\u00f3 el trabajo de las distintas \u00e1reas que se incorporan a la concientizaci\u00f3n, Secretar\u00eda de Turismo, Polic\u00eda de Entre R\u00edos, Instituto de Seguro, Secretar\u00eda de Juventud, municipios y juntas de Gobierno.<\/p>\n<p>&nbsp;<\/p>\n<p>Durante el mes de febrero, el operativo del Observatorio de Seguridad Vial estar\u00e1 en la Ciudad de Concordia los d\u00edas 2, 3 y 4 participando del Carnaval. Tambi\u00e9n estar\u00e1 en la Fiesta de la Artesan\u00eda en Col\u00f3n el 19 y en el Carnaval de Gualeguaych\u00fa los d\u00edas 9, 10 y 11.<\/p>\n","protected":false},"excerpt":{"rendered":"<p>En el marco de los operativos de Verano Seguro el Ministerio de Gobierno y Justicia, a trav\u00e9s del Observatorio Provincial de Seguridad Vial, realiza campa\u00f1as de concientizaci\u00f3n sobre riesgos viales &nbsp; &nbsp; &nbsp; Las jornadas, que iniciaron en la ciudad de Gualeguaych\u00fa y Concepci\u00f3n del Uruguay, tienen como fundamento principal la promulgaci\u00f3n de la seguridad vial en el territorio entrerriano y la concientizaci\u00f3n para garantizar verano seguro. &nbsp; \u201cEl gobernador, Gustavo Bordet y la ministra de Gobierno, Rosario Romero, han sido claros en su pedido respecto a c\u00f3mo trabajar durante&#8230;<\/p>\n","protected":false},"author":3,"featured_media":22854,"comment_status":"closed","ping_status":"closed","sticky":false,"template":"","format":"standard","meta":[],"categories":[15],"tags":[],"_links":{"self":[{"href":"https:\/\/www.actualidadadiario.com\/index.php\/wp-json\/wp\/v2\/posts\/22853"}],"collection":[{"href":"https:\/\/www.actualidadadiario.com\/index.php\/wp-json\/wp\/v2\/posts"}],"about":[{"href":"https:\/\/www.actualidadadiario.com\/index.php\/wp-json\/wp\/v2\/types\/post"}],"author":[{"embeddable":true,"href":"https:\/\/www.actualidadadiario.com\/index.php\/wp-json\/wp\/v2\/users\/3"}],"replies":[{"embeddable":true,"href":"https:\/\/www.actualidadadiario.com\/index.php\/wp-json\/wp\/v2\/comments?post=22853"}],"version-history":[{"count":1,"href":"https:\/\/www.actualidadadiario.com\/index.php\/wp-json\/wp\/v2\/posts\/22853\/revisions"}],"predecessor-version":[{"id":22855,"href":"https:\/\/www.actualidadadiario.com\/index.php\/wp-json\/wp\/v2\/posts\/22853\/revisions\/22855"}],"wp:featuredmedia":[{"embeddable":true,"href":"https:\/\/www.actualidadadiario.com\/index.php\/wp-json\/wp\/v2\/media\/22854"}],"wp:attachment":[{"href":"https:\/\/www.actualidadadiario.com\/index.php\/wp-json\/wp\/v2\/media?parent=22853"}],"wp:term":[{"taxonomy":"category","embeddable":true,"href":"https:\/\/www.actualidadadiario.com\/index.php\/wp-json\/wp\/v2\/categories?post=22853"},{"taxonomy":"post_tag","embeddable":true,"href":"https:\/\/www.actualidadadiario.com\/index.php\/wp-json\/wp\/v2\/tags?post=22853"}],"curies":[{"name":"wp","href":"https:\/\/api.w.org\/{rel}","templated":true}]}}