{"id":22849,"date":"2018-01-29T12:36:06","date_gmt":"2018-01-29T15:36:06","guid":{"rendered":"http:\/\/actualidadadiario.com\/site\/?p=22849"},"modified":"2018-11-06T19:52:28","modified_gmt":"2018-11-06T22:52:28","slug":"temer-preocupado-lula-no-esta-muerto-politicamente","status":"publish","type":"post","link":"https:\/\/www.actualidadadiario.com\/index.php\/2018\/01\/29\/temer-preocupado-lula-no-esta-muerto-politicamente\/","title":{"rendered":"Temer, preocupado: \u201cLula no est\u00e1 muerto pol\u00edticamente\u201d"},"content":{"rendered":"<p><em><strong>Con el m\u00e1s bajo \u00edndice de aceptaci\u00f3n de un mandatario brasile\u00f1o, el Presidente se mostr\u00f3 preocupado por la posibilidad de que el l\u00edder del PT no pueda presentarse en las elecciones porque \u201ctensionar\u00e1 al pa\u00eds\u201d<\/strong><\/em><\/p>\n<p>&nbsp;<\/p>\n<p>&nbsp;<\/p>\n<p>&nbsp;<\/p>\n<p>El presidente de Brasil, Michel Temer, advirti\u00f3 que pese a la condena por presunta corrupci\u00f3n el l\u00edder del Partido de los Trabajadores (PT) Luiz In\u00e1cio Lula da SIlva &#8220;no est\u00e1 muerto pol\u00edticamente&#8221;. En ese sentido, reconoci\u00f3 que sea derrotado en las elecciones de octubre pr\u00f3ximo para &#8220;pacificar el pa\u00eds&#8221;.<\/p>\n<p>&nbsp;<\/p>\n<p>&#8220;Lula no est\u00e1 muerto pol\u00edticamente, en imagen, en presencia, carisma\u201d, reconoci\u00f3 el mandatario y apunt\u00f3 que \u201cdecir que est\u00e1 muerto pol\u00edticamente es un error, tendr\u00e1 influencia&#8221;.<\/p>\n<p>&nbsp;<\/p>\n<p>\u201cDesde el punto de vista pol\u00edtico me gustar\u00eda que Lula pudiera disputar la elecci\u00f3n y sea vencido en las elecciones\u201d, declar\u00f3 a Radio Bandeirantes de la ciudad de San Pablo. Acto seguido consider\u00f3 que si no puede participar por su condena \u201ceso tensionar\u00e1 al pa\u00eds\u201d.<\/p>\n<p>&nbsp;<\/p>\n<p>Sobre esto \u00faltimo, dijo: \u201cDebemos distender las relaciones, porque Brasil vive en tensi\u00f3n permanente&#8221;. Lula qued\u00f3 al borde de la inhabilitaci\u00f3n en la Justicia electoral a ra\u00edz de que fue condenado por el Tribunal Regional Federal 4, la c\u00e1mara de apelaciones de Porto Alegre, a 12 a\u00f1os y un mes de reclusi\u00f3n por corrupci\u00f3n y lavado de dinero.<\/p>\n<p>&nbsp;<\/p>\n<p>Actualmente el ex presidente cuenta con un respaldo en las encuestas que en diciembre era de entre el 36 y el 40 por ciento en la primera vuelta y del 51 en el balotaje, contra cualquier candidato.<\/p>\n<p>&nbsp;<\/p>\n<p>Mientras tanto, Temer es el jefe de Estado con menos popularidad de la historia de Brasil, con entre 3 y 7 por ciento de apoyo en los sondeos. &#8220;La impopularidad la aprovech\u00e9 para hacer reformas. Una cosa es llegar por la v\u00eda del voto. Yo llegu\u00e9 a este cargo por la v\u00eda constitucional, claro luego de haber vencido elecciones pero como vicepresidente con el apoyo de mi partido&#8221;, justific\u00f3 tras hacer tras haber accedido al poder mediante un golpe institucional contra Dilma Rousseff.<\/p>\n","protected":false},"excerpt":{"rendered":"<p>Con el m\u00e1s bajo \u00edndice de aceptaci\u00f3n de un mandatario brasile\u00f1o, el Presidente se mostr\u00f3 preocupado por la posibilidad de que el l\u00edder del PT no pueda presentarse en las elecciones porque \u201ctensionar\u00e1 al pa\u00eds\u201d &nbsp; &nbsp; &nbsp; El presidente de Brasil, Michel Temer, advirti\u00f3 que pese a la condena por presunta corrupci\u00f3n el l\u00edder del Partido de los Trabajadores (PT) Luiz In\u00e1cio Lula da SIlva &#8220;no est\u00e1 muerto pol\u00edticamente&#8221;. En ese sentido, reconoci\u00f3 que sea derrotado en las elecciones de octubre pr\u00f3ximo para &#8220;pacificar el pa\u00eds&#8221;. &nbsp; &#8220;Lula no&#8230;<\/p>\n","protected":false},"author":3,"featured_media":22850,"comment_status":"closed","ping_status":"closed","sticky":false,"template":"","format":"standard","meta":[],"categories":[4],"tags":[],"_links":{"self":[{"href":"https:\/\/www.actualidadadiario.com\/index.php\/wp-json\/wp\/v2\/posts\/22849"}],"collection":[{"href":"https:\/\/www.actualidadadiario.com\/index.php\/wp-json\/wp\/v2\/posts"}],"about":[{"href":"https:\/\/www.actualidadadiario.com\/index.php\/wp-json\/wp\/v2\/types\/post"}],"author":[{"embeddable":true,"href":"https:\/\/www.actualidadadiario.com\/index.php\/wp-json\/wp\/v2\/users\/3"}],"replies":[{"embeddable":true,"href":"https:\/\/www.actualidadadiario.com\/index.php\/wp-json\/wp\/v2\/comments?post=22849"}],"version-history":[{"count":1,"href":"https:\/\/www.actualidadadiario.com\/index.php\/wp-json\/wp\/v2\/posts\/22849\/revisions"}],"predecessor-version":[{"id":22851,"href":"https:\/\/www.actualidadadiario.com\/index.php\/wp-json\/wp\/v2\/posts\/22849\/revisions\/22851"}],"wp:featuredmedia":[{"embeddable":true,"href":"https:\/\/www.actualidadadiario.com\/index.php\/wp-json\/wp\/v2\/media\/22850"}],"wp:attachment":[{"href":"https:\/\/www.actualidadadiario.com\/index.php\/wp-json\/wp\/v2\/media?parent=22849"}],"wp:term":[{"taxonomy":"category","embeddable":true,"href":"https:\/\/www.actualidadadiario.com\/index.php\/wp-json\/wp\/v2\/categories?post=22849"},{"taxonomy":"post_tag","embeddable":true,"href":"https:\/\/www.actualidadadiario.com\/index.php\/wp-json\/wp\/v2\/tags?post=22849"}],"curies":[{"name":"wp","href":"https:\/\/api.w.org\/{rel}","templated":true}]}}