{"id":22843,"date":"2018-01-29T12:34:02","date_gmt":"2018-01-29T15:34:02","guid":{"rendered":"http:\/\/actualidadadiario.com\/site\/?p=22843"},"modified":"2018-11-06T19:49:19","modified_gmt":"2018-11-06T22:49:19","slug":"el-papa-advirtio-sobre-la-urgencia-de-educar-a-los-jovenes-en-la-lucha-contra-los-odios","status":"publish","type":"post","link":"https:\/\/www.actualidadadiario.com\/index.php\/2018\/01\/29\/el-papa-advirtio-sobre-la-urgencia-de-educar-a-los-jovenes-en-la-lucha-contra-los-odios\/","title":{"rendered":"El Papa advirti\u00f3 sobre la urgencia de &#8220;educar a los j\u00f3venes en la lucha contra los odios&#8221;"},"content":{"rendered":"<p><em><strong>El papa Francisco advirti\u00f3 hoy sobre la necesidad &#8220;urgente&#8221; de &#8220;educar a las j\u00f3venes generaciones a involucrarse activamente en la lucha contra los odios y las discriminaciones&#8221;, en el marco de un encuentro interreligioso contra el antisemitismo<\/strong><\/em><\/p>\n<p>&nbsp;<\/p>\n<p>&nbsp;<\/p>\n<p>&nbsp;<\/p>\n<p>&#8220;Ayud\u00e9monos a hacer fermentar una cultura de la responsabilidad, de la memoria y de la proximidad, y a establecer una alianza contra la indiferencia&#8221;, pidi\u00f3 el pont\u00edfice a los participantes de la Conferencia Internacional sobre la Responsabilidad de los Estados, Instituciones e Individuos en la lucha contra el antisemitismo, a los que recibi\u00f3 en el Vaticano.<\/p>\n<p>&nbsp;<\/p>\n<p>En ese marco, asever\u00f3 que &#8220;para construir nuestra historia, que ser\u00e1 juntos o no ser\u00e1, necesitamos una memoria com\u00fan, viva y con confianza, que no se quede prisionera del resentimiento sino que, cruzada por las noches de dolor, se abra a la esperanza de un alba nueva&#8221;.<\/p>\n<p>&nbsp;<\/p>\n<p>&#8220;La Iglesia desea tenderles la mano. Desea recordar y caminar juntos&#8221;, plante\u00f3 Jorge Bergoglio en su discurso a los participantes del encuentro que se desarrolla hoy en la Canciller\u00eda italiana.<\/p>\n<p>&nbsp;<\/p>\n<p>Asimismo, indic\u00f3 que &#8220;es urgente educar a las j\u00f3venes generaciones a involucrarse activamente en la lucha contra los odios y las discriminaciones, pero tambi\u00e9n a superar las contraposiciones del pasado y a no cansarse jam\u00e1s en la b\u00fasqueda del otro&#8221;.<\/p>\n<p>&nbsp;<\/p>\n<p>&#8220;De hecho, para preparar un futuro verdaderamente humano no es suficiente rechazar el mal, sino que hace falta construir juntos el bien&#8221;, asever\u00f3 durante el mensaje en la sala del Concistorio del Palacio Apost\u00f3lico vaticano.<\/p>\n","protected":false},"excerpt":{"rendered":"<p>El papa Francisco advirti\u00f3 hoy sobre la necesidad &#8220;urgente&#8221; de &#8220;educar a las j\u00f3venes generaciones a involucrarse activamente en la lucha contra los odios y las discriminaciones&#8221;, en el marco de un encuentro interreligioso contra el antisemitismo &nbsp; &nbsp; &nbsp; &#8220;Ayud\u00e9monos a hacer fermentar una cultura de la responsabilidad, de la memoria y de la proximidad, y a establecer una alianza contra la indiferencia&#8221;, pidi\u00f3 el pont\u00edfice a los participantes de la Conferencia Internacional sobre la Responsabilidad de los Estados, Instituciones e Individuos en la lucha contra el antisemitismo, a&#8230;<\/p>\n","protected":false},"author":3,"featured_media":22844,"comment_status":"closed","ping_status":"closed","sticky":false,"template":"","format":"standard","meta":[],"categories":[4],"tags":[],"_links":{"self":[{"href":"https:\/\/www.actualidadadiario.com\/index.php\/wp-json\/wp\/v2\/posts\/22843"}],"collection":[{"href":"https:\/\/www.actualidadadiario.com\/index.php\/wp-json\/wp\/v2\/posts"}],"about":[{"href":"https:\/\/www.actualidadadiario.com\/index.php\/wp-json\/wp\/v2\/types\/post"}],"author":[{"embeddable":true,"href":"https:\/\/www.actualidadadiario.com\/index.php\/wp-json\/wp\/v2\/users\/3"}],"replies":[{"embeddable":true,"href":"https:\/\/www.actualidadadiario.com\/index.php\/wp-json\/wp\/v2\/comments?post=22843"}],"version-history":[{"count":1,"href":"https:\/\/www.actualidadadiario.com\/index.php\/wp-json\/wp\/v2\/posts\/22843\/revisions"}],"predecessor-version":[{"id":22845,"href":"https:\/\/www.actualidadadiario.com\/index.php\/wp-json\/wp\/v2\/posts\/22843\/revisions\/22845"}],"wp:featuredmedia":[{"embeddable":true,"href":"https:\/\/www.actualidadadiario.com\/index.php\/wp-json\/wp\/v2\/media\/22844"}],"wp:attachment":[{"href":"https:\/\/www.actualidadadiario.com\/index.php\/wp-json\/wp\/v2\/media?parent=22843"}],"wp:term":[{"taxonomy":"category","embeddable":true,"href":"https:\/\/www.actualidadadiario.com\/index.php\/wp-json\/wp\/v2\/categories?post=22843"},{"taxonomy":"post_tag","embeddable":true,"href":"https:\/\/www.actualidadadiario.com\/index.php\/wp-json\/wp\/v2\/tags?post=22843"}],"curies":[{"name":"wp","href":"https:\/\/api.w.org\/{rel}","templated":true}]}}