{"id":22840,"date":"2018-01-29T12:33:15","date_gmt":"2018-01-29T15:33:15","guid":{"rendered":"http:\/\/actualidadadiario.com\/site\/?p=22840"},"modified":"2018-11-06T19:47:21","modified_gmt":"2018-11-06T22:47:21","slug":"si-te-metes-con-lula-te-metes-conmigo","status":"publish","type":"post","link":"https:\/\/www.actualidadadiario.com\/index.php\/2018\/01\/29\/si-te-metes-con-lula-te-metes-conmigo\/","title":{"rendered":"&#8220;Si te met\u00e9s con Lula, te met\u00e9s conmigo&#8221;"},"content":{"rendered":"<p><em><strong>El secretario ejecutivo de CLACSO y profesor de la Universidad del Estado de R\u00edo de Janeiro, Pablo Gentili, explica los verdaderos motivos por los que condenan al ex presidente de Brasil<\/strong><\/em><\/p>\n<p>&nbsp;<\/p>\n<p>&nbsp;<\/p>\n<p>&nbsp;<\/p>\n<p><em>\u00a0\u201cAqu\u00ed hay miles de Lulas. Aqu\u00ed Lula somos todas. Si lo condenan a \u00e9l nos condenan a cada una de nosotras\u201d, grita una joven del otro lado de la amplia cerca met\u00e1lica que han construido alrededor del 4\u00ba Tribunal Regional Federal.<\/em><\/p>\n<p><em>\u00a0<\/em><\/p>\n<p><em>Porto Alegre est\u00e1 inundada de j\u00f3venes, de campesinos, de trabajadores y trabajadoras, de docentes, de activistas sociales, de mujeres, de negros y de negras, de favelados y faveladas, de estudiantes y de gente que nunca pudo terminar de estudiar. Han ido a prestar su solidaridad al ex presidente Lula. Han marchado desde el d\u00eda anterior y desde lejos, muy lejos. Se amontonan en las inmediaciones del tribunal, esperando lo que todos saben que ser\u00e1 la cr\u00f3nica de una sentencia anunciada.<\/em><\/p>\n<p><em>\u00a0<\/em><\/p>\n<p><em>Lula es un mito porque ha llegado al lugar que los poderosos reservaron para s\u00ed mismos o para sus hijos.<\/em><\/p>\n<p><em>\u00a0<\/em><\/p>\n<p><em>Lula es un dirigente pol\u00edtico de izquierda. Quiz\u00e1s, el m\u00e1s importante de la historia latinoamericana contempor\u00e1nea. Su llegada a la presidencia de la naci\u00f3n m\u00e1s poderosa de Am\u00e9rica Latina ha marcado un quiebre en las formas de dominaci\u00f3n, en el obsesivo af\u00e1n con que las \u00e9lites de la regi\u00f3n tratan de transformar a la democracia en una mueca, en una impostura, en una caricatura de lo que deber\u00eda ser. Lula lleg\u00f3 a la presidencia de una de las diez naciones m\u00e1s poderosas del planeta y, como \u00e9l mismo nunca se ha cansado de repetir, si \u00e9l lleg\u00f3, podr\u00e1 llegar ma\u00f1ana cualquier otro trabajador o trabajadora, cualquier otro campesino, cualquier otro obrero metal\u00fargico, cualquier maestra de cualquier escuela, cualquier m\u00e9dico rural. Eso: cualquiera. La democracia efectiva, la democracia popular, es el dominio de los cualquiera sobre la prepotencia, la arrogancia, el desprecio y la humillaci\u00f3n que pretenden imponer los que siempre han sido los due\u00f1os del poder: los m\u00e1s ricos o sus obsecuentes y siempre fieles servidores.<\/em><\/p>\n<p><em>\u00a0<\/em><\/p>\n<p><em>Lula no es Lula. Lula es una relaci\u00f3n social, Lula es un proceso. Lula es un hito y, claro, Lula es tambi\u00e9n un mito. Y lo es, porque es quien ha llegado al lugar que los poderosos reservaron para s\u00ed mismos o para sus hijos. Lula es un fundador. Visto desde cierto punto de vista, es un colonizador heroico. Ha llegado para ocupar, para desplazar, para recuperar lo que siempre perteneci\u00f3 al pueblo. Para reconquistar eso que siempre le perteneci\u00f3, pero le hab\u00edan expropiado, le hab\u00edan secuestrado: su soberan\u00eda, o sea, el derecho a ser due\u00f1o de su propia historia.<\/em><\/p>\n<p><em>\u00a0<\/em><\/p>\n<p><em>No es Lula el peligro. El peligro son los Lulas que a\u00fan no han nacido, pero esperan ansiosos cumplir su destino hist\u00f3rico. Son los Lulas que anidan en las movilizaciones y en cada una de las luchas por los derechos y por la dignidad humana<\/em><\/p>\n<p><em>\u00a0<\/em><\/p>\n<p><em>El inventario de conquistas y realizaciones de los gobiernos de Lula y Dilma es conocido y ser\u00eda redundante exponerlo aqu\u00ed. Brasil, en sus gobiernos, se transform\u00f3 en una naci\u00f3n donde la dignidad y los derechos dejaron de ser el perpetuo patrimonio de los que pod\u00edan comprarlos o robarlos.<\/em><\/p>\n<p><em>\u00a0<\/em><\/p>\n<p><em>Condenan a Lula porque quieren silenciar, negar, apagar, hacer escarmentar, disciplinar la memoria, acabar con la historia de conquistas populares que ese nordestino pobre e impertinente, sin otra herencia que su dignidad, representa. Lula es un ejemplo, es la demostraci\u00f3n de que el muro de privilegios y el monopolio de la impunidad pueden ser derrumbados. El ejemplo de que otra historia, otro futuro, pueden ser construidos colectivamente. Y de que no podemos perder el tiempo en comenzar a hacerlo.<\/em><\/p>\n<p><em>\u00a0<\/em><\/p>\n<p><em>Por eso, no es a Lula al que atacan, es a los millones de Lulas que se est\u00e1n gestando en cada rinc\u00f3n de Am\u00e9rica Latina. No es la historia de ese peque\u00f1o ni\u00f1o que acompa\u00f1aba y proteg\u00eda a su madre en una de las regiones m\u00e1s miserables del planeta. All\u00ed, donde la tierra no conoce el agua, pero s\u00ed la violencia. All\u00ed, donde los domingos se entierran los ni\u00f1os que han muerto durante la semana. No es Lula el peligro. El peligro son los Lulas que a\u00fan no han nacido, pero esperan ansiosos cumplir su destino hist\u00f3rico. Son los Lulas que anidan en las movilizaciones y en cada una de las luchas por los derechos y por la dignidad humana. Son los Lulas que se est\u00e1n pariendo. Son los Lulas que vamos a ser capaces de parir. No es el Lula que conocemos. Son los Lulas que todav\u00eda nos quedan por inventar.<\/em><\/p>\n<p><em>\u00a0<\/em><\/p>\n<p><em>Se est\u00e1 condenando un proyecto. Pretenden condenar la aspiraci\u00f3n a vivir en una sociedad donde impere la justicia y la igualdad. Pretenden imponer el miedo y la frustraci\u00f3n, fuentes de la desmovilizaci\u00f3n y de la falta de esperanza. No es contra Lula. Es contra nosotros. No es contra Lula, es contra el futuro.<\/em><\/p>\n<p><em>\u00a0<\/em><\/p>\n<p><em>No lo conseguir\u00e1n.<\/em><\/p>\n<p><em>\u00a0<\/em><\/p>\n<p><em>Porque si te met\u00e9s con Lula, te met\u00e9s conmigo. Si te met\u00e9s con Lula, te met\u00e9s con cada uno de nosotros, con cada una de nosotras. Pensalo.<\/em><\/p>\n<p>&nbsp;<\/p>\n<p>*Secretario Ejecutivo de CLACSO, y profesor de la Universidad del Estado de R\u00edo de Janeiro<\/p>\n","protected":false},"excerpt":{"rendered":"<p>El secretario ejecutivo de CLACSO y profesor de la Universidad del Estado de R\u00edo de Janeiro, Pablo Gentili, explica los verdaderos motivos por los que condenan al ex presidente de Brasil &nbsp; &nbsp; &nbsp; \u00a0\u201cAqu\u00ed hay miles de Lulas. Aqu\u00ed Lula somos todas. Si lo condenan a \u00e9l nos condenan a cada una de nosotras\u201d, grita una joven del otro lado de la amplia cerca met\u00e1lica que han construido alrededor del 4\u00ba Tribunal Regional Federal. \u00a0 Porto Alegre est\u00e1 inundada de j\u00f3venes, de campesinos, de trabajadores y trabajadoras, de docentes,&#8230;<\/p>\n","protected":false},"author":3,"featured_media":22841,"comment_status":"closed","ping_status":"closed","sticky":false,"template":"","format":"standard","meta":[],"categories":[4],"tags":[],"_links":{"self":[{"href":"https:\/\/www.actualidadadiario.com\/index.php\/wp-json\/wp\/v2\/posts\/22840"}],"collection":[{"href":"https:\/\/www.actualidadadiario.com\/index.php\/wp-json\/wp\/v2\/posts"}],"about":[{"href":"https:\/\/www.actualidadadiario.com\/index.php\/wp-json\/wp\/v2\/types\/post"}],"author":[{"embeddable":true,"href":"https:\/\/www.actualidadadiario.com\/index.php\/wp-json\/wp\/v2\/users\/3"}],"replies":[{"embeddable":true,"href":"https:\/\/www.actualidadadiario.com\/index.php\/wp-json\/wp\/v2\/comments?post=22840"}],"version-history":[{"count":1,"href":"https:\/\/www.actualidadadiario.com\/index.php\/wp-json\/wp\/v2\/posts\/22840\/revisions"}],"predecessor-version":[{"id":22842,"href":"https:\/\/www.actualidadadiario.com\/index.php\/wp-json\/wp\/v2\/posts\/22840\/revisions\/22842"}],"wp:featuredmedia":[{"embeddable":true,"href":"https:\/\/www.actualidadadiario.com\/index.php\/wp-json\/wp\/v2\/media\/22841"}],"wp:attachment":[{"href":"https:\/\/www.actualidadadiario.com\/index.php\/wp-json\/wp\/v2\/media?parent=22840"}],"wp:term":[{"taxonomy":"category","embeddable":true,"href":"https:\/\/www.actualidadadiario.com\/index.php\/wp-json\/wp\/v2\/categories?post=22840"},{"taxonomy":"post_tag","embeddable":true,"href":"https:\/\/www.actualidadadiario.com\/index.php\/wp-json\/wp\/v2\/tags?post=22840"}],"curies":[{"name":"wp","href":"https:\/\/api.w.org\/{rel}","templated":true}]}}