{"id":22837,"date":"2018-01-29T12:32:24","date_gmt":"2018-01-29T15:32:24","guid":{"rendered":"http:\/\/actualidadadiario.com\/site\/?p=22837"},"modified":"2018-11-06T19:52:23","modified_gmt":"2018-11-06T22:52:23","slug":"siete-ex-presidentes-latinoamericanos-en-contra-de-la-persecucion-a-opositores","status":"publish","type":"post","link":"https:\/\/www.actualidadadiario.com\/index.php\/2018\/01\/29\/siete-ex-presidentes-latinoamericanos-en-contra-de-la-persecucion-a-opositores\/","title":{"rendered":"Siete ex presidentes latinoamericanos en contra de la persecuci\u00f3n a opositores"},"content":{"rendered":"<p><em><strong>Los firmantes exigen pluralidad de voces y condenan cualquier forma de censura con las que se buscan silenciar las cr\u00edticas a las pol\u00edticas neoliberales que gobiernan en varios pa\u00edses de Latinoam\u00e9rica<\/strong><\/em><\/p>\n<p>&nbsp;<\/p>\n<p>&nbsp;<\/p>\n<p>&nbsp;<\/p>\n<p><strong>Sin miedo y con pluralidad de voces<\/strong><\/p>\n<p>Los ex presidentes Rafael Correa (Ecuador), Jos\u00e9 &#8220;Pepe&#8221; Mujica (Uruguay), Lula Da Silva y Dilma Rousseff (Brasil), Ernesto Samper (Colombia), Fernando Lugo (Paraguay) y Jos\u00e9 Manuel Zelaya Rosales (Honduras), junto a importantes dirigentes pol\u00edticos, sociales y culturales de Am\u00e9rica Latina y Europa, firmaron una declaraci\u00f3n en la que repudiaron la persecuci\u00f3n contra del presidente del PJ de la Ciudad de Buenos Aires, secretario General del Sindicato de Trabajadores de Edificios y director del Grupo Octubre, editor de P\u00e1gina\/12, V\u00edctor Santa Mar\u00eda.<\/p>\n<p>&nbsp;<\/p>\n<p>Los firmantes exigen pluralidad de voces y condenan cualquier forma de censura con las que se buscan silenciar las cr\u00edticas a las pol\u00edticas neoliberales que gobiernan en varios pa\u00edses de Latinoam\u00e9rica.<\/p>\n","protected":false},"excerpt":{"rendered":"<p>Los firmantes exigen pluralidad de voces y condenan cualquier forma de censura con las que se buscan silenciar las cr\u00edticas a las pol\u00edticas neoliberales que gobiernan en varios pa\u00edses de Latinoam\u00e9rica &nbsp; &nbsp; &nbsp; Sin miedo y con pluralidad de voces Los ex presidentes Rafael Correa (Ecuador), Jos\u00e9 &#8220;Pepe&#8221; Mujica (Uruguay), Lula Da Silva y Dilma Rousseff (Brasil), Ernesto Samper (Colombia), Fernando Lugo (Paraguay) y Jos\u00e9 Manuel Zelaya Rosales (Honduras), junto a importantes dirigentes pol\u00edticos, sociales y culturales de Am\u00e9rica Latina y Europa, firmaron una declaraci\u00f3n en la que repudiaron&#8230;<\/p>\n","protected":false},"author":3,"featured_media":22838,"comment_status":"closed","ping_status":"closed","sticky":false,"template":"","format":"standard","meta":[],"categories":[4],"tags":[],"_links":{"self":[{"href":"https:\/\/www.actualidadadiario.com\/index.php\/wp-json\/wp\/v2\/posts\/22837"}],"collection":[{"href":"https:\/\/www.actualidadadiario.com\/index.php\/wp-json\/wp\/v2\/posts"}],"about":[{"href":"https:\/\/www.actualidadadiario.com\/index.php\/wp-json\/wp\/v2\/types\/post"}],"author":[{"embeddable":true,"href":"https:\/\/www.actualidadadiario.com\/index.php\/wp-json\/wp\/v2\/users\/3"}],"replies":[{"embeddable":true,"href":"https:\/\/www.actualidadadiario.com\/index.php\/wp-json\/wp\/v2\/comments?post=22837"}],"version-history":[{"count":1,"href":"https:\/\/www.actualidadadiario.com\/index.php\/wp-json\/wp\/v2\/posts\/22837\/revisions"}],"predecessor-version":[{"id":22839,"href":"https:\/\/www.actualidadadiario.com\/index.php\/wp-json\/wp\/v2\/posts\/22837\/revisions\/22839"}],"wp:featuredmedia":[{"embeddable":true,"href":"https:\/\/www.actualidadadiario.com\/index.php\/wp-json\/wp\/v2\/media\/22838"}],"wp:attachment":[{"href":"https:\/\/www.actualidadadiario.com\/index.php\/wp-json\/wp\/v2\/media?parent=22837"}],"wp:term":[{"taxonomy":"category","embeddable":true,"href":"https:\/\/www.actualidadadiario.com\/index.php\/wp-json\/wp\/v2\/categories?post=22837"},{"taxonomy":"post_tag","embeddable":true,"href":"https:\/\/www.actualidadadiario.com\/index.php\/wp-json\/wp\/v2\/tags?post=22837"}],"curies":[{"name":"wp","href":"https:\/\/api.w.org\/{rel}","templated":true}]}}