{"id":22831,"date":"2018-01-29T12:30:49","date_gmt":"2018-01-29T15:30:49","guid":{"rendered":"http:\/\/actualidadadiario.com\/site\/?p=22831"},"modified":"2018-11-06T19:51:54","modified_gmt":"2018-11-06T22:51:54","slug":"quienes-son-los-familiares-de-funcionarios-del-gobierno-que-ocupan-cargos-publicos","status":"publish","type":"post","link":"https:\/\/www.actualidadadiario.com\/index.php\/2018\/01\/29\/quienes-son-los-familiares-de-funcionarios-del-gobierno-que-ocupan-cargos-publicos\/","title":{"rendered":"Qui\u00e9nes son los familiares de funcionarios del Gobierno que ocupan cargos p\u00fablicos"},"content":{"rendered":"<p><em><strong>El presidente Mauricio Macri anunci\u00f3 hoy un paquete de medidas que implicar\u00e1n la prohibici\u00f3n para que familiares de ministros puedan ser parte de la administraci\u00f3n nacional. Esto, sumado al recorte del 25% de los cargos pol\u00edticos en el Poder Ejecutivo representar\u00e1, seg\u00fan el mandatario un ahorro de 1500 millones de pesos<\/strong><\/em><\/p>\n<p>&nbsp;<\/p>\n<p>&nbsp;<\/p>\n<p>&nbsp;<\/p>\n<p>&nbsp;<\/p>\n<p>Tras el anuncio de esta medida, el ministro de Modernizaci\u00f3n Andr\u00e9s Ibarra dijo a \u00e1mbito.com que los familiares de segundo grado consangu\u00edneo se van a retirar de sus cargos. A continuaci\u00f3n, el listado de los familiares de funcionarios del Gobierno que ocupan cargos p\u00fablicos.<\/p>\n<p>&nbsp;<\/p>\n<p>&nbsp;<\/p>\n<p><strong>Gabriela Michetti<\/strong><\/p>\n<p>La prima de la vicepresidenta, Mar\u00eda Alejandra Illia, es asesora del Honorable Senado de la Naci\u00f3n. Ascendi\u00f3 en diciembre de 2015 de la categor\u00eda A-3 hasta la A-1.<\/p>\n<p>&nbsp;<\/p>\n<p><strong>Jorge Triaca<\/strong><\/p>\n<p>Mar\u00eda Cecilia Loccisano, esposa del ministro de Trabajo, es subsecretaria de Coordinaci\u00f3n Administrativa del Ministerio de Salud. Mariana Triaca, hermana del ministro, fue designada en diciembre pasado como directora del Banco de la Naci\u00f3n Argentina (BNA). Ernesto Mart\u00ed Reta, esposo de Mariana y cu\u00f1ado de Jorge, es parte del directorio del Banco de Inversi\u00f3n y Comercio Exterior (BICE). Lorena Triaca, por5 su parte, otra hermana del ministro, es directora de la Agencia de Inversiones.<\/p>\n<p>&nbsp;<\/p>\n<p><strong>Patricia Bullrich<\/strong><\/p>\n<p>Francisco Langieri Bullrich, hijo de la ministra de Seguridad, es funcionario de la Secretar\u00eda Pa\u00eds Digital, que depende del Ministerio de Modernizaci\u00f3n. Su primo Pedro Cernadas -popularmente conocido como Segundo Cernadas por su faceta actoral- es titular de Anses en el municipio de Tigre. La cu\u00f1ada de la ministra, Ana Gasc\u00f3n Araoz, es empleada en la Subsecretaria de Comunicaci\u00f3n social de la Secretar\u00eda de Medios de Comunicaci\u00f3n. La nieta de la t\u00eda de la Bullrich, Julieta Mar\u00eda Williams, es directora de Innovaci\u00f3n Social y Planeamiento Participativo de la Ciudad de Buenos Aires.<\/p>\n<p>&nbsp;<\/p>\n<p><strong>Rogelio Frigerio<\/strong><\/p>\n<p>La esposa del ministro de Interior, Victoria Costoya, es Coordinadora de Asuntos Institucionales Internacionales en el Ministerio de Desarrollo Social. Mario Frigerio, su t\u00edo, fue designado Gerente T\u00e9cnico del Ente Nacional de Comunicaciones.<\/p>\n<p>&nbsp;<\/p>\n<p><strong>Marcos Pe\u00f1a<\/strong><\/p>\n<p>Andr\u00e9s Pe\u00f1a, hermano del Jefe de Gabinete, es subsecretario de Desarrollo Institucional Productivo del Ministerio de Producci\u00f3n. F\u00e9lix Pe\u00f1a, padre de Marcos, es asesor del Consejo de la Producci\u00f3n.<\/p>\n<p>&nbsp;<\/p>\n<p><strong>Carolina Stanley<\/strong><\/p>\n<p>Cecilia Stanley, prima de la ministra de Desarrollo Social es jefa de Gabinete de Asesores en ese ministerio.<\/p>\n<p>&nbsp;<\/p>\n<p><strong>Oscar Aguad<\/strong><\/p>\n<p>Rodrigo de Loredo, yerno del ministro de Defensa, es presidente de ARSAT.<\/p>\n<p>&nbsp;<\/p>\n<p><strong>Andr\u00e9s Ibarra<\/strong><\/p>\n<p>Carla Piccolomini, esposa del Ministro de Modernizaci\u00f3n, es directora de Relaciones Institucionales de Radio y Televisi\u00f3n Argentina (RTA).<\/p>\n<p>&nbsp;<\/p>\n<p><strong>Mat\u00edas Santos <\/strong><\/p>\n<p>El ministro de Turismo nombr\u00f3 a su hijo Mat\u00edas Santos como jefe de Asesores de Gabinete del Ministerio de Turismo de la Naci\u00f3n.<\/p>\n<p>&nbsp;<\/p>\n<p><strong>Iv\u00e1n Pavlovsky <\/strong><\/p>\n<p>Marina Klemensiewicz, esposa del vocero presidencial, fue designada subsecretaria de H\u00e1bitat y Desarrollo Humano Secretar\u00eda de Vivienda del Ministerio de Obras P\u00fablicas y Vivienda.<\/p>\n<p>&nbsp;<\/p>\n<p><strong>Pablo Avelluto <\/strong><\/p>\n<p>En medio de una pol\u00e9mica, el ministro de Cultura design\u00f3 a su novia Carolina Azzi como coordinadora audiovisual de prensa de la cartera que encabeza.<\/p>\n<p>&nbsp;<\/p>\n","protected":false},"excerpt":{"rendered":"<p>El presidente Mauricio Macri anunci\u00f3 hoy un paquete de medidas que implicar\u00e1n la prohibici\u00f3n para que familiares de ministros puedan ser parte de la administraci\u00f3n nacional. Esto, sumado al recorte del 25% de los cargos pol\u00edticos en el Poder Ejecutivo representar\u00e1, seg\u00fan el mandatario un ahorro de 1500 millones de pesos &nbsp; &nbsp; &nbsp; &nbsp; Tras el anuncio de esta medida, el ministro de Modernizaci\u00f3n Andr\u00e9s Ibarra dijo a \u00e1mbito.com que los familiares de segundo grado consangu\u00edneo se van a retirar de sus cargos. A continuaci\u00f3n, el listado de los&#8230;<\/p>\n","protected":false},"author":3,"featured_media":22832,"comment_status":"closed","ping_status":"closed","sticky":false,"template":"","format":"standard","meta":[],"categories":[9,18],"tags":[],"_links":{"self":[{"href":"https:\/\/www.actualidadadiario.com\/index.php\/wp-json\/wp\/v2\/posts\/22831"}],"collection":[{"href":"https:\/\/www.actualidadadiario.com\/index.php\/wp-json\/wp\/v2\/posts"}],"about":[{"href":"https:\/\/www.actualidadadiario.com\/index.php\/wp-json\/wp\/v2\/types\/post"}],"author":[{"embeddable":true,"href":"https:\/\/www.actualidadadiario.com\/index.php\/wp-json\/wp\/v2\/users\/3"}],"replies":[{"embeddable":true,"href":"https:\/\/www.actualidadadiario.com\/index.php\/wp-json\/wp\/v2\/comments?post=22831"}],"version-history":[{"count":1,"href":"https:\/\/www.actualidadadiario.com\/index.php\/wp-json\/wp\/v2\/posts\/22831\/revisions"}],"predecessor-version":[{"id":22833,"href":"https:\/\/www.actualidadadiario.com\/index.php\/wp-json\/wp\/v2\/posts\/22831\/revisions\/22833"}],"wp:featuredmedia":[{"embeddable":true,"href":"https:\/\/www.actualidadadiario.com\/index.php\/wp-json\/wp\/v2\/media\/22832"}],"wp:attachment":[{"href":"https:\/\/www.actualidadadiario.com\/index.php\/wp-json\/wp\/v2\/media?parent=22831"}],"wp:term":[{"taxonomy":"category","embeddable":true,"href":"https:\/\/www.actualidadadiario.com\/index.php\/wp-json\/wp\/v2\/categories?post=22831"},{"taxonomy":"post_tag","embeddable":true,"href":"https:\/\/www.actualidadadiario.com\/index.php\/wp-json\/wp\/v2\/tags?post=22831"}],"curies":[{"name":"wp","href":"https:\/\/api.w.org\/{rel}","templated":true}]}}