{"id":22828,"date":"2018-01-29T12:30:01","date_gmt":"2018-01-29T15:30:01","guid":{"rendered":"http:\/\/actualidadadiario.com\/site\/?p=22828"},"modified":"2018-11-06T19:51:02","modified_gmt":"2018-11-06T22:51:02","slug":"macri-anuncio-un-supuesto-ajuste-en-parte-de-los-cargos-politicos-que-el-mismo-creo","status":"publish","type":"post","link":"https:\/\/www.actualidadadiario.com\/index.php\/2018\/01\/29\/macri-anuncio-un-supuesto-ajuste-en-parte-de-los-cargos-politicos-que-el-mismo-creo\/","title":{"rendered":"Macri anunci\u00f3 un supuesto ajuste en parte de los cargos pol\u00edticos que \u00e9l mismo cre\u00f3"},"content":{"rendered":"<p><em><strong>Despu\u00e9s de la alica\u00edda gira por Europa y en el foro de Davos, el Gobierno lanz\u00f3 un supuesto ajuste en los cargos p\u00fablicos. Se trata de dar de baja algunos de los contratos y cargos que el propio macrismo cre\u00f3 cuando lleg\u00f3 al Ejecutivo nacional<\/strong><\/em><\/p>\n<p>&nbsp;<\/p>\n<p>&nbsp;<\/p>\n<p>&nbsp;<\/p>\n<p>Despu\u00e9s de las extensas vacaciones y la gira por Europa, Mauricio Macri anunci\u00f3 un supuesto recorte del gasto p\u00fablico en el Ejecutivo. Se trata de un congelamiento de salarios y despidos de funcionarios. Lo llamativo es que la reducci\u00f3n no alcanza a la cantidad de cargos creados en el Estado desde el primer minuto por la alianza Cambiemos.<\/p>\n<p>&nbsp;<\/p>\n<p>Se trata de una maniobra para tratar de frenar el derrumbe en la imagen presidencial. \u201cTodos tenemos que ceder algo en funci\u00f3n del conjunto, porque el conjunto somos todos\u201d, afirm\u00f3 el presidente. Y agreg\u00f3 que \u201cLos que somos parte de la pol\u00edtica tenemos que dar el ejemplo. La austeridad es el camino. Una pol\u00edtica donde el clientelismo, la corrupci\u00f3n, era la moneda corriente\u201d, afirm\u00f3.<\/p>\n<p>&nbsp;<\/p>\n<p>Precisamente el titular de un Gobierno que en dos a\u00f1os de gesti\u00f3n se llen\u00f3 de causas judiciales por favorecer a las empresas ligadas a los propios funcionarios del gabinete nacional.<\/p>\n<p>&nbsp;<\/p>\n<p>&nbsp;<\/p>\n<p><strong>El Presidente anunci\u00f3 \u201ctres medidas:<\/strong><\/p>\n<p>&#8211; Vamos a reducir 1 de cada 4 cargos pol\u00edticos del Ejecutivo nacional, es cerca de un 25% de cargos pol\u00edticos.<\/p>\n<p>&nbsp;<\/p>\n<p>&#8211; Los funcionarios no tendr\u00e1n aumento de sueldo este a\u00f1o.<\/p>\n<p>&nbsp;<\/p>\n<p>&#8211; Lo familiares de los ministros no podr\u00e1n ser parte del Gobierno\u201d.<\/p>\n<p>&nbsp;<\/p>\n<p>Respecto del \u00faltimo anuncio Macri no dio detalles sobre la cantidad de familiares de funcionarios deber\u00e1n dejar su cargo o ser\u00e1 de ahora en m\u00e1s. En s\u00ed mismo el anuncio es apenas un ajuste en la estructura que el propio Gobierno creo y no alcanza a achicar la cantidad de cargos por ellos creada.<\/p>\n","protected":false},"excerpt":{"rendered":"<p>Despu\u00e9s de la alica\u00edda gira por Europa y en el foro de Davos, el Gobierno lanz\u00f3 un supuesto ajuste en los cargos p\u00fablicos. Se trata de dar de baja algunos de los contratos y cargos que el propio macrismo cre\u00f3 cuando lleg\u00f3 al Ejecutivo nacional &nbsp; &nbsp; &nbsp; Despu\u00e9s de las extensas vacaciones y la gira por Europa, Mauricio Macri anunci\u00f3 un supuesto recorte del gasto p\u00fablico en el Ejecutivo. Se trata de un congelamiento de salarios y despidos de funcionarios. Lo llamativo es que la reducci\u00f3n no alcanza a&#8230;<\/p>\n","protected":false},"author":3,"featured_media":22829,"comment_status":"closed","ping_status":"closed","sticky":false,"template":"","format":"standard","meta":[],"categories":[9,18],"tags":[],"_links":{"self":[{"href":"https:\/\/www.actualidadadiario.com\/index.php\/wp-json\/wp\/v2\/posts\/22828"}],"collection":[{"href":"https:\/\/www.actualidadadiario.com\/index.php\/wp-json\/wp\/v2\/posts"}],"about":[{"href":"https:\/\/www.actualidadadiario.com\/index.php\/wp-json\/wp\/v2\/types\/post"}],"author":[{"embeddable":true,"href":"https:\/\/www.actualidadadiario.com\/index.php\/wp-json\/wp\/v2\/users\/3"}],"replies":[{"embeddable":true,"href":"https:\/\/www.actualidadadiario.com\/index.php\/wp-json\/wp\/v2\/comments?post=22828"}],"version-history":[{"count":1,"href":"https:\/\/www.actualidadadiario.com\/index.php\/wp-json\/wp\/v2\/posts\/22828\/revisions"}],"predecessor-version":[{"id":22830,"href":"https:\/\/www.actualidadadiario.com\/index.php\/wp-json\/wp\/v2\/posts\/22828\/revisions\/22830"}],"wp:featuredmedia":[{"embeddable":true,"href":"https:\/\/www.actualidadadiario.com\/index.php\/wp-json\/wp\/v2\/media\/22829"}],"wp:attachment":[{"href":"https:\/\/www.actualidadadiario.com\/index.php\/wp-json\/wp\/v2\/media?parent=22828"}],"wp:term":[{"taxonomy":"category","embeddable":true,"href":"https:\/\/www.actualidadadiario.com\/index.php\/wp-json\/wp\/v2\/categories?post=22828"},{"taxonomy":"post_tag","embeddable":true,"href":"https:\/\/www.actualidadadiario.com\/index.php\/wp-json\/wp\/v2\/tags?post=22828"}],"curies":[{"name":"wp","href":"https:\/\/api.w.org\/{rel}","templated":true}]}}