{"id":22825,"date":"2018-01-29T12:29:13","date_gmt":"2018-01-29T15:29:13","guid":{"rendered":"http:\/\/actualidadadiario.com\/site\/?p=22825"},"modified":"2018-11-06T19:52:34","modified_gmt":"2018-11-06T22:52:34","slug":"triaca-vuelve-tras-el-escandalo","status":"publish","type":"post","link":"https:\/\/www.actualidadadiario.com\/index.php\/2018\/01\/29\/triaca-vuelve-tras-el-escandalo\/","title":{"rendered":"Triaca vuelve tras el esc\u00e1ndalo"},"content":{"rendered":"<p><em><strong>El ministro de Trabajo\u00a0 retorna de sus vacaciones tras el despido de su casera Sandra Heredia, en el que incluyo insultos del funcionario y tuvo amplia repercusi\u00f3n medi\u00e1tica<\/strong><\/em><\/p>\n<p>&nbsp;<\/p>\n<p>&nbsp;<\/p>\n<p>&nbsp;<\/p>\n<p>&nbsp;<\/p>\n<p>El ministro de Trabajo de la Naci\u00f3n, Jorge Triaca, retomar\u00e1 formalmente su actividad al frente de la cartera, tras el esc\u00e1ndalo por el despido de la casera de la quinta de su familia, Sandra Heredia. El caso estall\u00f3 por un audio en el que el funcionario la insultaba duramente, y se agigant\u00f3 cuando la mujer declar\u00f3 -y comprob\u00f3- que hab\u00eda sido contratada para ser parte de la intervenci\u00f3n del gremio del trabajador mar\u00edtimo (SOMU), decidido por el propio Triaca.<\/p>\n<p>&nbsp;<\/p>\n<p>En pleno conflicto, el ministro fue enviado a vacacionar, mientras el jefe de gabinete, Marcos Pe\u00f1a, tom\u00f3 la posta y sali\u00f3 a defender su accionar y lo reafirm\u00f3 en el cargo. Pese a eso, a lo largo de las \u00faltimas semanas se barajaron distintos nombres para reemplazarlo. El escenario al que llega el ministro de Trabajo es inmejorable para evitar que lo desplacen.<\/p>\n<p>&nbsp;<\/p>\n<p>El gobierno instal\u00f3 con fuerza en el primer mes del a\u00f1o que el cumplimiento de la meta de inflaci\u00f3n prevista para este a\u00f1o (del 15%) depender\u00e1 en forma casi exclusiva de lograr contener las paritarias por debajo de esa cifra. &#8220;Las paritarias son libres, pero todos deber\u00edan comprometerse con esa meta&#8221;, dijo el propio Pe\u00f1a d\u00edas atr\u00e1s.<\/p>\n<p>&nbsp;<\/p>\n<p>En ese marco, hay frentes abiertos que auguran conflictos, como el de los bancarios, a quienes se les ofrece un 9% y la semana pasada se les quit\u00f3 un aporte al gremio como forma de presi\u00f3n. Su regreso tambi\u00e9n coincide con el punto m\u00e1s alto de la batalla librada entre los gremios de la CGT, ahora encabezados por Hugo Moyano y Luis Barrionuevo, y el gobierno nacional, con causas judiciales mediante.<\/p>\n<p>&nbsp;<\/p>\n<p>Triaca es el \u00fanico del gobierno con di\u00e1logo fluido con los sindicalistas, y se espera que aporte para encontrar una soluci\u00f3n pol\u00edtica al conflicto que no par\u00f3 de escalar, al punto que Camioneros lanz\u00f3 una marcha para el 22 de febrero, a la que se siguen sumando gremios.<\/p>\n<p>&nbsp;<\/p>\n<p>A todo ese combo hay que sumar la pol\u00e9mica reforma laboral impulsada por el presidente\u00a0 Mauricio Macri. Si bien la CGT negoci\u00f3 mejoras al proyecto y le dio su visto bueno en noviembre, los incidentes y el rechazo social a los cambios previsionales aprobados en medio de fuertes conflictos llevaron a los dirigentes a quitarle respaldo al texto.<\/p>\n<p>&nbsp;<\/p>\n<p>Pese a formar parte del temario de sesiones extraordinarias convocadas para enero y febrero, el oficialismo tuvo que dar marcha atr\u00e1s y ahora calcula que no habr\u00e1 paquete de leyes, sino que cada tema ser\u00e1 debatido en el Congreso, reci\u00e9n a partir de marzo.<\/p>\n","protected":false},"excerpt":{"rendered":"<p>El ministro de Trabajo\u00a0 retorna de sus vacaciones tras el despido de su casera Sandra Heredia, en el que incluyo insultos del funcionario y tuvo amplia repercusi\u00f3n medi\u00e1tica &nbsp; &nbsp; &nbsp; &nbsp; El ministro de Trabajo de la Naci\u00f3n, Jorge Triaca, retomar\u00e1 formalmente su actividad al frente de la cartera, tras el esc\u00e1ndalo por el despido de la casera de la quinta de su familia, Sandra Heredia. El caso estall\u00f3 por un audio en el que el funcionario la insultaba duramente, y se agigant\u00f3 cuando la mujer declar\u00f3 -y comprob\u00f3-&#8230;<\/p>\n","protected":false},"author":3,"featured_media":22826,"comment_status":"closed","ping_status":"closed","sticky":false,"template":"","format":"standard","meta":[],"categories":[18],"tags":[],"_links":{"self":[{"href":"https:\/\/www.actualidadadiario.com\/index.php\/wp-json\/wp\/v2\/posts\/22825"}],"collection":[{"href":"https:\/\/www.actualidadadiario.com\/index.php\/wp-json\/wp\/v2\/posts"}],"about":[{"href":"https:\/\/www.actualidadadiario.com\/index.php\/wp-json\/wp\/v2\/types\/post"}],"author":[{"embeddable":true,"href":"https:\/\/www.actualidadadiario.com\/index.php\/wp-json\/wp\/v2\/users\/3"}],"replies":[{"embeddable":true,"href":"https:\/\/www.actualidadadiario.com\/index.php\/wp-json\/wp\/v2\/comments?post=22825"}],"version-history":[{"count":1,"href":"https:\/\/www.actualidadadiario.com\/index.php\/wp-json\/wp\/v2\/posts\/22825\/revisions"}],"predecessor-version":[{"id":22827,"href":"https:\/\/www.actualidadadiario.com\/index.php\/wp-json\/wp\/v2\/posts\/22825\/revisions\/22827"}],"wp:featuredmedia":[{"embeddable":true,"href":"https:\/\/www.actualidadadiario.com\/index.php\/wp-json\/wp\/v2\/media\/22826"}],"wp:attachment":[{"href":"https:\/\/www.actualidadadiario.com\/index.php\/wp-json\/wp\/v2\/media?parent=22825"}],"wp:term":[{"taxonomy":"category","embeddable":true,"href":"https:\/\/www.actualidadadiario.com\/index.php\/wp-json\/wp\/v2\/categories?post=22825"},{"taxonomy":"post_tag","embeddable":true,"href":"https:\/\/www.actualidadadiario.com\/index.php\/wp-json\/wp\/v2\/tags?post=22825"}],"curies":[{"name":"wp","href":"https:\/\/api.w.org\/{rel}","templated":true}]}}