{"id":22822,"date":"2018-01-29T12:28:31","date_gmt":"2018-01-29T15:28:31","guid":{"rendered":"http:\/\/actualidadadiario.com\/site\/?p=22822"},"modified":"2018-11-06T19:49:02","modified_gmt":"2018-11-06T22:49:02","slug":"el-gobierno-dara-de-baja-13-mil-planes-de-asistencia-social","status":"publish","type":"post","link":"https:\/\/www.actualidadadiario.com\/index.php\/2018\/01\/29\/el-gobierno-dara-de-baja-13-mil-planes-de-asistencia-social\/","title":{"rendered":"El Gobierno dar\u00e1 de baja 13 mil planes de asistencia social"},"content":{"rendered":"<p><em><strong>En respuesta a las \u00faltimas movilizaciones, la exigencia del tratamiento de una Ley de Emergencia Alimentaria y en el marco de un fuerte recorte presupuestario promovido desde el Ejecutivo, el Ministerio de Trabajo decidi\u00f3 dar de baja m\u00e1s de 13 mil planes de asistencia laboral s\u00f3lo en verano<\/strong><\/em><\/p>\n<p>&nbsp;<\/p>\n<p>&nbsp;<\/p>\n<p>&nbsp;<\/p>\n<p>Como respuesta a las \u00faltimas movilizaciones, ante la exigencia de la aplicaci\u00f3n total de la Ley de Emergencia Social, el tratamiento en el Congreso de una Ley de Emergencia Alimentaria y en el marco de un fuerte recorte presupuestario promovido desde el Ejecutivo, el Gobierno nacional decidi\u00f3 recortar este verano m\u00e1s de 13 mil planes de asistencia que otorga el Ministerio de Trabajo. La provincia m\u00e1s perjudicada ser\u00e1 San Juan y su gobernador, Jos\u00e9 Luis Gioja, ya advirti\u00f3 una &#8220;crisis social de proporciones&#8221;.<\/p>\n<p>&nbsp;<\/p>\n<p>La cartera que conduce Jorge Triaca maneja unos 283 mil programas de empleo y, en base al recorte presupuestario impulsado por el Ejecutivo, esta semana se dar\u00e1n de baja 5.537 planes de Entrenamiento para el trabajo, que se completar\u00e1n en enero con 8.000 bajas m\u00e1s, seg\u00fan adelantaron fuentes oficiales al diario Clar\u00edn. Desde el Ministerio explicaron que los beneficiarios no pudieron demostrar una contraprestaci\u00f3n a ese beneficio el a\u00f1o pasado, por eso se les quitar\u00e1 la asistencia.<\/p>\n<p>&nbsp;<\/p>\n<p>Los planes de Entrenamiento est\u00e1n destinados a aquellas personas que se capacitan para insertarse en el mercado laboral. Son unos 80 mil programas que gestionan organizaciones sociales y los beneficiarios reciben tan s\u00f3lo $1.800 mensuales. Si bien el plan es dar de baja 13.537 planes entre enero y febrero, desde Trabajo adelantaron que 28 mil beneficiarios no pudieron demostrar que se est\u00e9n capacitando. Con el recorte, se dar\u00e1 de baja el 35% de los programas.<\/p>\n<p>&nbsp;<\/p>\n<p>San Juan ser\u00e1 la provincia m\u00e1s afectada, seguida de Jujuy, y Gioja ya advirti\u00f3 que se corre &#8220;el peligro de que esto desate una crisis social de proporciones. Nos recortan fondos para obras p\u00fablicas, buscan la divisi\u00f3n entre los sanjuaninos y ahora nos quieren generar un caldo de cultivo para que se provoque un conflicto social recortando planes&#8221;.<\/p>\n<p>&nbsp;<\/p>\n<p>La intenci\u00f3n del Ministerio de Trabajo es trasladar parte de los planes hacia el salario complementario que maneja Desarrollo Social, que conduce Carolina Stanley. Los beneficiarios de este programa perciben $4.300 mensuales, una ayuda para alcanzar el salario m\u00ednimo, vital y m\u00f3vil.<\/p>\n","protected":false},"excerpt":{"rendered":"<p>En respuesta a las \u00faltimas movilizaciones, la exigencia del tratamiento de una Ley de Emergencia Alimentaria y en el marco de un fuerte recorte presupuestario promovido desde el Ejecutivo, el Ministerio de Trabajo decidi\u00f3 dar de baja m\u00e1s de 13 mil planes de asistencia laboral s\u00f3lo en verano &nbsp; &nbsp; &nbsp; Como respuesta a las \u00faltimas movilizaciones, ante la exigencia de la aplicaci\u00f3n total de la Ley de Emergencia Social, el tratamiento en el Congreso de una Ley de Emergencia Alimentaria y en el marco de un fuerte recorte presupuestario&#8230;<\/p>\n","protected":false},"author":3,"featured_media":22823,"comment_status":"closed","ping_status":"closed","sticky":false,"template":"","format":"standard","meta":[],"categories":[18],"tags":[],"_links":{"self":[{"href":"https:\/\/www.actualidadadiario.com\/index.php\/wp-json\/wp\/v2\/posts\/22822"}],"collection":[{"href":"https:\/\/www.actualidadadiario.com\/index.php\/wp-json\/wp\/v2\/posts"}],"about":[{"href":"https:\/\/www.actualidadadiario.com\/index.php\/wp-json\/wp\/v2\/types\/post"}],"author":[{"embeddable":true,"href":"https:\/\/www.actualidadadiario.com\/index.php\/wp-json\/wp\/v2\/users\/3"}],"replies":[{"embeddable":true,"href":"https:\/\/www.actualidadadiario.com\/index.php\/wp-json\/wp\/v2\/comments?post=22822"}],"version-history":[{"count":1,"href":"https:\/\/www.actualidadadiario.com\/index.php\/wp-json\/wp\/v2\/posts\/22822\/revisions"}],"predecessor-version":[{"id":22824,"href":"https:\/\/www.actualidadadiario.com\/index.php\/wp-json\/wp\/v2\/posts\/22822\/revisions\/22824"}],"wp:featuredmedia":[{"embeddable":true,"href":"https:\/\/www.actualidadadiario.com\/index.php\/wp-json\/wp\/v2\/media\/22823"}],"wp:attachment":[{"href":"https:\/\/www.actualidadadiario.com\/index.php\/wp-json\/wp\/v2\/media?parent=22822"}],"wp:term":[{"taxonomy":"category","embeddable":true,"href":"https:\/\/www.actualidadadiario.com\/index.php\/wp-json\/wp\/v2\/categories?post=22822"},{"taxonomy":"post_tag","embeddable":true,"href":"https:\/\/www.actualidadadiario.com\/index.php\/wp-json\/wp\/v2\/tags?post=22822"}],"curies":[{"name":"wp","href":"https:\/\/api.w.org\/{rel}","templated":true}]}}