{"id":22816,"date":"2018-01-29T12:26:55","date_gmt":"2018-01-29T15:26:55","guid":{"rendered":"http:\/\/actualidadadiario.com\/site\/?p=22816"},"modified":"2018-11-06T19:51:39","modified_gmt":"2018-11-06T22:51:39","slug":"pese-a-no-lograr-ningun-acuerdo-el-gobierno-considera-que-la-gira-de-macri-fue-sumamente-positiva","status":"publish","type":"post","link":"https:\/\/www.actualidadadiario.com\/index.php\/2018\/01\/29\/pese-a-no-lograr-ningun-acuerdo-el-gobierno-considera-que-la-gira-de-macri-fue-sumamente-positiva\/","title":{"rendered":"Pese a no lograr ning\u00fan acuerdo, el Gobierno considera que la gira de Macri &#8220;fue sumamente positiva&#8221;"},"content":{"rendered":"<p><em><strong>El mandatario regres\u00f3 de una gira internacional que lo llev\u00f3 a Mosc\u00fa, Davos y Par\u00eds, donde busc\u00f3 destrabar el acuerdo de libre comercio entre la Uni\u00f3n Europea y el Mercosur, pero fracas\u00f3 ante la negativa del presidente franc\u00e9s<\/strong><\/em><\/p>\n<p>&nbsp;<\/p>\n<p>&nbsp;<\/p>\n<p>&nbsp;<\/p>\n<p>Tras una semana de gira, Mauricio Macri lleg\u00f3 ayer a la Argentina en un vuelo comercial de Air France que lo dej\u00f3 en Ezeiza para, luego, trasladarse en helic\u00f3ptero a la quinta presidencial de Olivos junto a su esposa, Juliana Awada. El mandatario se reuni\u00f3 con autoridades pol\u00edticas y empresarios en Mosc\u00fa, Davos y Par\u00eds pero no logr\u00f3 destrabar el tan deseado acuerdo de libre comercio entre la Uni\u00f3n Europea y el Mercosur ya que Emmanuel Macron, presidente Franc\u00e9s, no ve con buenos ojos el tratado que podr\u00eda poner en jaque la econom\u00eda agr\u00edcola-ganadera de su pa\u00eds y perder miles de puestos de trabajo.<\/p>\n<p>&nbsp;<\/p>\n<p>Pese a volver con esa mala noticia para el Gobierno, desde Canciller\u00eda aseguraron en un comunicado que en el exterior &#8220;conf\u00edan en el camino que ha tomado Argentina y perciben coherencia entre lo que se dice y las pol\u00edticas que lleva a cabo nuestro gobierno&#8221;.<\/p>\n<p>&nbsp;<\/p>\n<p>Respecto a la negativa de Macron, Jorge Faure, canciller argentino, manifest\u00f3 que &#8220;la Argentina y Francia tienen v\u00ednculos hist\u00f3ricos y comparten un profundo afecto rec\u00edproco. El di\u00e1logo mantenido puso de manifiesto que Francia considera conveniente y que es un objetivo estrat\u00e9gico avanzar lo m\u00e1s pronto posible hacia un acuerdo pol\u00edtico entre los dos bloques, el Mercosur y la Uni\u00f3n Europea&#8221;, por lo cual consider\u00f3 que la visita de Macri &#8220;fue sumamente positiva&#8221;.<\/p>\n<p>&nbsp;<\/p>\n<p>Para avanzar con el acuerdo, habr\u00e1 &#8220;negociadores de ambos lados, con mandato claro de los cuatro presidentes. En el caso de los de nuestro bloque regional, desarrollar\u00e1n un trabajo t\u00e9cnico para alcanzar propuestas y resultados que contemplen y atiendan las inquietudes de ambas partes&#8221;.<\/p>\n<p>&nbsp;<\/p>\n<p>Ma\u00f1ana el Presidente retomar\u00e1 su agenda habitual y ya trascendi\u00f3 que se reunir\u00e1 con su Gabinete para analizar los \u00edndices de pobreza, empleo y educaci\u00f3n a nivel nacional. Luego, el jueves 1 de febrero, viajar\u00e1 a Jujuy donde participar\u00e1 de un acto junto a Gerardo Morales, visitar\u00e1 el Centro Forestal Maderero e inaugurar\u00e1 obras en Volc\u00e1n, una localidad del departamento Tumbaya, ubicada a 40 kil\u00f3metros de San Salvador de Jujuy.<\/p>\n","protected":false},"excerpt":{"rendered":"<p>El mandatario regres\u00f3 de una gira internacional que lo llev\u00f3 a Mosc\u00fa, Davos y Par\u00eds, donde busc\u00f3 destrabar el acuerdo de libre comercio entre la Uni\u00f3n Europea y el Mercosur, pero fracas\u00f3 ante la negativa del presidente franc\u00e9s &nbsp; &nbsp; &nbsp; Tras una semana de gira, Mauricio Macri lleg\u00f3 ayer a la Argentina en un vuelo comercial de Air France que lo dej\u00f3 en Ezeiza para, luego, trasladarse en helic\u00f3ptero a la quinta presidencial de Olivos junto a su esposa, Juliana Awada. El mandatario se reuni\u00f3 con autoridades pol\u00edticas y&#8230;<\/p>\n","protected":false},"author":3,"featured_media":22817,"comment_status":"closed","ping_status":"closed","sticky":false,"template":"","format":"standard","meta":[],"categories":[18],"tags":[],"_links":{"self":[{"href":"https:\/\/www.actualidadadiario.com\/index.php\/wp-json\/wp\/v2\/posts\/22816"}],"collection":[{"href":"https:\/\/www.actualidadadiario.com\/index.php\/wp-json\/wp\/v2\/posts"}],"about":[{"href":"https:\/\/www.actualidadadiario.com\/index.php\/wp-json\/wp\/v2\/types\/post"}],"author":[{"embeddable":true,"href":"https:\/\/www.actualidadadiario.com\/index.php\/wp-json\/wp\/v2\/users\/3"}],"replies":[{"embeddable":true,"href":"https:\/\/www.actualidadadiario.com\/index.php\/wp-json\/wp\/v2\/comments?post=22816"}],"version-history":[{"count":1,"href":"https:\/\/www.actualidadadiario.com\/index.php\/wp-json\/wp\/v2\/posts\/22816\/revisions"}],"predecessor-version":[{"id":22818,"href":"https:\/\/www.actualidadadiario.com\/index.php\/wp-json\/wp\/v2\/posts\/22816\/revisions\/22818"}],"wp:featuredmedia":[{"embeddable":true,"href":"https:\/\/www.actualidadadiario.com\/index.php\/wp-json\/wp\/v2\/media\/22817"}],"wp:attachment":[{"href":"https:\/\/www.actualidadadiario.com\/index.php\/wp-json\/wp\/v2\/media?parent=22816"}],"wp:term":[{"taxonomy":"category","embeddable":true,"href":"https:\/\/www.actualidadadiario.com\/index.php\/wp-json\/wp\/v2\/categories?post=22816"},{"taxonomy":"post_tag","embeddable":true,"href":"https:\/\/www.actualidadadiario.com\/index.php\/wp-json\/wp\/v2\/tags?post=22816"}],"curies":[{"name":"wp","href":"https:\/\/api.w.org\/{rel}","templated":true}]}}