{"id":22810,"date":"2018-01-29T12:25:19","date_gmt":"2018-01-29T15:25:19","guid":{"rendered":"http:\/\/actualidadadiario.com\/site\/?p=22810"},"modified":"2018-11-06T19:50:08","modified_gmt":"2018-11-06T22:50:08","slug":"informe-oficial-se-agravo-la-pobreza-la-pobreza-en-argentina","status":"publish","type":"post","link":"https:\/\/www.actualidadadiario.com\/index.php\/2018\/01\/29\/informe-oficial-se-agravo-la-pobreza-la-pobreza-en-argentina\/","title":{"rendered":"Informe oficial: se agrav\u00f3 la pobreza la pobreza en Argentina"},"content":{"rendered":"<p><em><strong>En 2017 la Canasta B\u00e1sica Total, que establece el umbral de pobreza, subi\u00f3 dos puntos por encima de la inflaci\u00f3n. Es por los tarifazos y los aumentos en salud y educaci\u00f3n. La diferencia entre la &#8220;canasta de la pobreza&#8221; y la inflaci\u00f3n impacta sobre la actualizaci\u00f3n de la AUH, que ya no amortigua la indigencia. El gobierno prepara una medici\u00f3n alternativa<\/strong><\/em><\/p>\n<p>&nbsp;<\/p>\n<p>&nbsp;<\/p>\n<p>&nbsp;<\/p>\n<p>&#8220;Quiero que este sea el punto de partida para que eval\u00faen mi gesti\u00f3n&#8221;, fue la frase del presidente Mauricio Macri que qued\u00f3 inmortalizada a fines de septiembre de 2016 cuando el Indec divulg\u00f3 los datos de pobreza en la Argentina.<\/p>\n<p>&nbsp;<\/p>\n<p>En ese momento se supo que el 32,2% de los argentinos viv\u00edan en hogares que no lograban reunir los ingresos necesarios para solventar el costo de la Canasta B\u00e1sica Total y que, por lo tanto, eran pobres.<\/p>\n<p>&nbsp;<\/p>\n<p>Se trataba de unas 12,7 millones de personas, seg\u00fan las proyecciones sobre el total de la poblaci\u00f3n. La envergadura del dato relativo al primer semestre de 2016, signado por los despidos, la devaluaci\u00f3n y los tarifazos, le ofrec\u00eda al gobierno la oportunidad de mostrar una reducci\u00f3n paulatina de ese indicador. As\u00ed lo consigui\u00f3 cuando, un a\u00f1o despu\u00e9s, los n\u00fameros oficiales llevaron ese porcentaje hasta un 28,6% luego del 30,6% del semestre intermedio.<\/p>\n<p>&nbsp;<\/p>\n<p>Sin embargo, ahora, la din\u00e1mica parece haber tomado un rumbo inverso. Es que, si bien el informe de pobreza de la Encuesta Permanente de Hogares (EPH) del segundo semestre de 2017 se conocer\u00e1 reci\u00e9n el 28 de marzo, se acaba de dar a conocer un dato que constituye un insumo clave a la hora de establecer la cantidad de personas que no superan el umbral de la pobreza. Se trata de la medici\u00f3n del valor de la Canasta B\u00e1sica Total de diciembre de 2017, que fue fijada en $ 16.677 para una familia tipo con dos hijos. O sea que se increment\u00f3 un 26,8% con relaci\u00f3n al mismo mes del a\u00f1o anterior.<\/p>\n<p>&nbsp;<\/p>\n<p>El \u00cdndice de Precios al Consumidor (IPC) del Indec arroj\u00f3 como resultado para el mismo per\u00edodo una inflaci\u00f3n del 24,8%. La comparaci\u00f3n indica que el poder adquisitivo del segmento que no supera la pobreza se deterior\u00f3 dos puntos m\u00e1s cuando se lo compara con el resto de la poblaci\u00f3n.<\/p>\n<p>&nbsp;<\/p>\n<p>Esto, siempre y cuando los ingresos del segmento hayan aumentado en consonancia con la inflaci\u00f3n, una meta poco probable en un sector de la poblaci\u00f3n caracterizado por el desempleo, la informalidad laboral y la changa.<\/p>\n<p>&nbsp;<\/p>\n<p>Esa situaci\u00f3n, adem\u00e1s, podr\u00eda traducirse en la ca\u00edda en situaci\u00f3n de pobreza de un n\u00famero sensible de hogares que, estando apenas por encima de la l\u00ednea de vulnerabilidad extrema el a\u00f1o pasado, no hayan logrado incrementar sus ingresos un 26,8 por ciento.<\/p>\n<p>&nbsp;<\/p>\n<p>El estudio del Indec establece tambi\u00e9n el valor de la Canasta B\u00e1sica Alimentaria (CBA) que determina el umbral de los llamados &#8220;pobres indigentes&#8221;, que alcanz\u00f3 los $ 6644.<\/p>\n<p>&nbsp;<\/p>\n<p>En este caso, sin embargo, el incremento fue del 21,7%, 3,1 puntos por debajo de la inflaci\u00f3n oficial.<\/p>\n<p>&nbsp;<\/p>\n<p>La diferencia en la evoluci\u00f3n de una y otra canasta sirve para sacar algunas conclusiones. Es que, para salir del umbral de la indigencia determinado por la CBA, es necesario reunir los ingresos para hacer frente a las 8479 calor\u00edas que necesita una familia tipo compuesta por un var\u00f3n adulto, su esposa y dos hijos para sobrevivir, mientras que la CBT, a trav\u00e9s del llamado coeficiente de Engel, incorpora otros rubros elementales como los servicios b\u00e1sicos de la vivienda.<\/p>\n<p>&nbsp;<\/p>\n<p>Es este punto el que explica el defasaje, puesto que, seg\u00fan el IPC Nacional, el \u00edtem Vivienda, agua, electricidad, gas y otros combustibles creci\u00f3 durante el a\u00f1o 2017 un 55,6%, muy por encima de la inflaci\u00f3n general del 24,8%. Tambi\u00e9n empujaron al alza los rubros salud y educaci\u00f3n. Por su parte, el \u00edtem Alimentos y bebidas treparon un 20,4 por ciento.<\/p>\n<p>&nbsp;<\/p>\n<p>La dificultad para los m\u00e1s pobres ahora reside en el hecho de que estos \u00edtems que componen la Canasta B\u00e1sica Total tienen un car\u00e1cter inel\u00e1stico. Se trata de bienes y servicios, cuyo consumo no depende de las decisiones que pudiera adoptar una familia sino que son necesidades b\u00e1sicas elementales que deben ser satisfechas taxativamente y no pueden ser reemplazadas por otras. Por esa raz\u00f3n tienen m\u00e1s peso en la CBT. En eso se diferencian de otros estratos de la sociedad que, en \u00faltima instancia, tienen margen para modificar sus h\u00e1bitos de consumo, relegando gastos suntuosos o esparcimiento, entre otros gastos.<\/p>\n<p>&nbsp;<\/p>\n<p>Esta situaci\u00f3n va a tender a agravarse durante 2018, puesto que hay una frondosa agenda de aumentos de tarifas de los servicios b\u00e1sicos y del transporte por encima de las metas de inflaci\u00f3n que se fij\u00f3 el gobierno (ver nota p\u00e1ginas 6 y 7).<\/p>\n<p>&nbsp;<\/p>\n<p>&nbsp;<\/p>\n<p><strong>Cambios en la medici\u00f3n<\/strong><\/p>\n<p>En este momento el Indec desarrolla un operativo de gran escala como es la Encuesta Nacional de Gasto de los Hogares (ENGHO) mediante la cual releva datos de ingresos y gastos en 45 mil hogares de todo el pa\u00eds. Uno de los objetivos es el de actualizar los h\u00e1bitos de consumo de la poblaci\u00f3n y, a partir de esa informaci\u00f3n, redise\u00f1ar las canastas que se utilizan para determinar el \u00cdndice de Precios al Consumidor y la Canasta B\u00e1sica Total capaz de determinar el umbral de la pobreza que hoy surgen de la ENGHO de 2005, ya que la de 2012 fue descartada.<\/p>\n<p>&nbsp;<\/p>\n<p>Cuando en noviembre las autoridades hicieron la presentaci\u00f3n del operativo ante la prensa explicaron que, uno de los aspectos que especialmente pretenden redefinir es el peso de los consumos energ\u00e9ticos. La hip\u00f3tesis que, a priori, manejan desde el Instituto es que la ponderaci\u00f3n que los servicios p\u00fablicos tienen en la actualidad en las canastas est\u00e1 sobredimensionada luego de las actualizaciones tarifarias que obligaron a la poblaci\u00f3n a medir sus consumos. Por eso esperan poder reducir su peso en la canasta.<\/p>\n<p>&nbsp;<\/p>\n<p>&nbsp;<\/p>\n<p><strong>La Reforma previsional y la AUH: otro golpe al bolsillo<\/strong><\/p>\n<p>La reforma que se aprob\u00f3 en diciembre modific\u00f3 la f\u00f3rmula para determinar la movilidad jubilatoria y la Asignaci\u00f3n Universal por Hijo (AUH) que, adem\u00e1s de desechar el 6,1% de inflaci\u00f3n de los \u00faltimos tres meses de 2017, atar\u00e1 ambos beneficios al IPC. La AUH, pensada para garantizar un ingreso a los chicos m\u00e1s vulnerables (seg\u00fan la \u00faltima EPH el 42,5% de los ni\u00f1os de 0 a 14 a\u00f1os son pobres), en esta din\u00e1mica quedar\u00e1 atada a un \u00edndice que va por detr\u00e1s de las necesidades reales de sus beneficiarios.<\/p>\n<p>&nbsp;<\/p>\n<p>&nbsp;<\/p>\n<p><strong>El gobierno prepara un \u00edndice de pobreza paralelo al Indec<\/strong><\/p>\n<p>El presidente Mauricio Macri tiene un decreto para la firma mediante el cual crear\u00e1 un instituto dependiente del Consejo Nacional de Coordinaci\u00f3n de Pol\u00edticas Sociales que tendr\u00e1 como prop\u00f3sito elaborar un nuevo \u00edndice de pobreza.<\/p>\n<p>&nbsp;<\/p>\n<p>La medici\u00f3n se desarrollar\u00e1 en paralelo al relevamiento del Indec como parte de la Encuesta Permanente de Hogares y que publica de manera semestral tres meses despu\u00e9s de cumplido cada per\u00edodo.<\/p>\n<p>&nbsp;<\/p>\n<p>El argumento oficial para promover la iniciativa alude a la necesidad de que el mencionado Consejo creado en 2002 por Eduardo Duhalde y que depende directamente de Presidencia de la Naci\u00f3n, asuma entre sus tareas la de evaluar y monitorear el impacto de las pol\u00edticas sociales desplegadas por diferentes organismos oficiales.<\/p>\n<p>&nbsp;<\/p>\n<p>Estos van desde el Ministerio de Trabajo y el de Educaci\u00f3n hasta la cartera de Desarrollo Social liderada por Carolina Stanley, quien ser\u00e1 convocada a participar, de alguna forma a\u00fan no establecida, de la iniciativa.<\/p>\n<p>&nbsp;<\/p>\n<p>Desde el punto de vista metodol\u00f3gico, el nuevo \u00edndice diferir\u00e1 del que actualmente elabora el Indec en que este tendr\u00eda un abordaje de tipo multidimensional.<\/p>\n<p>&nbsp;<\/p>\n<p>Esto implica que el \u00edndice no definir\u00e1 la situaci\u00f3n de pobreza solamente a partir de los ingresos familiares con relaci\u00f3n al valor de una Canasta de consumo preelaborada sino que pretender\u00e1 evaluar otras variables sociodemogr\u00e1ficas como podr\u00edan ser el acceso a la vivienda, la salud, la cultura y la educaci\u00f3n.<\/p>\n<p>&nbsp;<\/p>\n<p>De este modo, el proyecto apunta a establecer el impacto de determinadas pol\u00edticas p\u00fablicas sobre la vida de las personas y su acceso a bienes y servicios intangibles, diluyendo parcialmente el impacto de la suba de precios sobre los \u00edndices de pobreza.<\/p>\n<p>&nbsp;<\/p>\n<p>Si bien existen otras experiencias a nivel internacional, lo cierto es que el Indec, que se dispone a celebrar sus 50 a\u00f1os este mi\u00e9rcoles, act\u00faa en funci\u00f3n de est\u00e1ndares de organismos estad\u00edsticos internacionales.<\/p>\n<p>&nbsp;<\/p>\n<p>Si bien desde el organismo oficial de estad\u00edstica se excusaron de compartir una opini\u00f3n p\u00fablica, este medio pudo saber que al interior de los equipos t\u00e9cnicos la iniciativa que podr\u00eda derivar en un \u00edndice paralelo gener\u00f3 desaz\u00f3n, tomando en cuenta que, aunque en manera incipiente, el Instituto ya est\u00e1 embarcado en la elaboraci\u00f3n de un \u00edndice de pobreza de tipo multidimensional para complementar su actual medici\u00f3n. \u00ab<\/p>\n","protected":false},"excerpt":{"rendered":"<p>En 2017 la Canasta B\u00e1sica Total, que establece el umbral de pobreza, subi\u00f3 dos puntos por encima de la inflaci\u00f3n. Es por los tarifazos y los aumentos en salud y educaci\u00f3n. La diferencia entre la &#8220;canasta de la pobreza&#8221; y la inflaci\u00f3n impacta sobre la actualizaci\u00f3n de la AUH, que ya no amortigua la indigencia. El gobierno prepara una medici\u00f3n alternativa &nbsp; &nbsp; &nbsp; &#8220;Quiero que este sea el punto de partida para que eval\u00faen mi gesti\u00f3n&#8221;, fue la frase del presidente Mauricio Macri que qued\u00f3 inmortalizada a fines de&#8230;<\/p>\n","protected":false},"author":3,"featured_media":22811,"comment_status":"closed","ping_status":"closed","sticky":false,"template":"","format":"standard","meta":[],"categories":[9,2],"tags":[],"_links":{"self":[{"href":"https:\/\/www.actualidadadiario.com\/index.php\/wp-json\/wp\/v2\/posts\/22810"}],"collection":[{"href":"https:\/\/www.actualidadadiario.com\/index.php\/wp-json\/wp\/v2\/posts"}],"about":[{"href":"https:\/\/www.actualidadadiario.com\/index.php\/wp-json\/wp\/v2\/types\/post"}],"author":[{"embeddable":true,"href":"https:\/\/www.actualidadadiario.com\/index.php\/wp-json\/wp\/v2\/users\/3"}],"replies":[{"embeddable":true,"href":"https:\/\/www.actualidadadiario.com\/index.php\/wp-json\/wp\/v2\/comments?post=22810"}],"version-history":[{"count":1,"href":"https:\/\/www.actualidadadiario.com\/index.php\/wp-json\/wp\/v2\/posts\/22810\/revisions"}],"predecessor-version":[{"id":22812,"href":"https:\/\/www.actualidadadiario.com\/index.php\/wp-json\/wp\/v2\/posts\/22810\/revisions\/22812"}],"wp:featuredmedia":[{"embeddable":true,"href":"https:\/\/www.actualidadadiario.com\/index.php\/wp-json\/wp\/v2\/media\/22811"}],"wp:attachment":[{"href":"https:\/\/www.actualidadadiario.com\/index.php\/wp-json\/wp\/v2\/media?parent=22810"}],"wp:term":[{"taxonomy":"category","embeddable":true,"href":"https:\/\/www.actualidadadiario.com\/index.php\/wp-json\/wp\/v2\/categories?post=22810"},{"taxonomy":"post_tag","embeddable":true,"href":"https:\/\/www.actualidadadiario.com\/index.php\/wp-json\/wp\/v2\/tags?post=22810"}],"curies":[{"name":"wp","href":"https:\/\/api.w.org\/{rel}","templated":true}]}}