{"id":22804,"date":"2018-01-29T12:23:37","date_gmt":"2018-01-29T15:23:37","guid":{"rendered":"http:\/\/actualidadadiario.com\/site\/?p=22804"},"modified":"2018-11-06T19:51:54","modified_gmt":"2018-11-06T22:51:54","slug":"pymes-evaluan-despedir-empleados-para-poder-pagar-la-luz","status":"publish","type":"post","link":"https:\/\/www.actualidadadiario.com\/index.php\/2018\/01\/29\/pymes-evaluan-despedir-empleados-para-poder-pagar-la-luz\/","title":{"rendered":"Pymes eval\u00faan despedir empleados para poder pagar la luz"},"content":{"rendered":"<p><em><strong>As\u00ed lo alert\u00f3 la entidad Industriales Pymes Argentinos. Acusan &#8220;p\u00e9rdidas millonarias&#8221;. &#8220;El kilowatt en la Argentina es uno de los m\u00e1s caros de Latinoam\u00e9rica&#8221;, dicen<\/strong><\/em><\/p>\n<p>&nbsp;<\/p>\n<p>&nbsp;<\/p>\n<p>&nbsp;<\/p>\n<p>Las empresas industriales podr\u00edan reducir personal para afrontar el pago del servicio el\u00e9ctrico tras &#8220;p\u00e9rdidas millonarias&#8221; como consecuencia de las &#8220;deficiencias en el servicio de energ\u00eda el\u00e9ctrica en combinaci\u00f3n con los ajustes tarifarios&#8221;, alert\u00f3 este domingo la entidad Industriales Pymes Argentinos (IPA).<\/p>\n<p>&nbsp;<\/p>\n<p>De ese modo, critic\u00f3 que &#8220;el kilowatt en la Argentina es uno de los m\u00e1s caros de Latinoam\u00e9rica&#8221;, por lo cual reclam\u00f3 a las compa\u00f1\u00edas el\u00e9ctricas &#8220;congelar las tarifas hasta que haya resultados de inversiones&#8221;.<\/p>\n<p>&nbsp;<\/p>\n<p>Calcul\u00f3 que &#8220;los aumentos en dos a\u00f1os variaron entre el 500 y el 1.000 por ciento&#8221; y apunt\u00f3 que las peque\u00f1as y medianas empresas industriales &#8220;podr\u00edan reducir su personal para hacer frente al pago del servicio el\u00e9ctrico luego de p\u00e9rdidas millonarias por falta de producci\u00f3n que afrontaron durante el actual per\u00edodo estival&#8221;.<\/p>\n<p>&nbsp;<\/p>\n<p>Argumento que ello es &#8220;consecuencia de las deficiencias en el servicio de energ\u00eda el\u00e9ctrica en combinaci\u00f3n con los ajustes tarifarios&#8221;.<\/p>\n<p>&nbsp;<\/p>\n<p>Puntualiz\u00f3, adem\u00e1s, que &#8220;ante el atraso del pago de factura por un d\u00eda, las empresas el\u00e9ctricas cobran un 10% de inter\u00e9s&#8221;.<\/p>\n<p>&nbsp;<\/p>\n<p>&#8220;A pesar de temperaturas m\u00e1s bajas que el a\u00f1o pasado y una ca\u00edda de la demanda, los usuarios afectados por cortes de luz ascendieron 63%&#8221;, alert\u00f3 IPA.<\/p>\n<p>&nbsp;<\/p>\n<p>El presidente de Industriales Pymes Argentinos, Daniel Rosato, sostuvo que hay &#8220;ausencia de inversiones en las redes de baja y media tensi\u00f3n que proveyeron servicio deficiente o directamente dejaron sin energ\u00eda el\u00e9ctrica a las pymes&#8221;.<\/p>\n","protected":false},"excerpt":{"rendered":"<p>As\u00ed lo alert\u00f3 la entidad Industriales Pymes Argentinos. Acusan &#8220;p\u00e9rdidas millonarias&#8221;. &#8220;El kilowatt en la Argentina es uno de los m\u00e1s caros de Latinoam\u00e9rica&#8221;, dicen &nbsp; &nbsp; &nbsp; Las empresas industriales podr\u00edan reducir personal para afrontar el pago del servicio el\u00e9ctrico tras &#8220;p\u00e9rdidas millonarias&#8221; como consecuencia de las &#8220;deficiencias en el servicio de energ\u00eda el\u00e9ctrica en combinaci\u00f3n con los ajustes tarifarios&#8221;, alert\u00f3 este domingo la entidad Industriales Pymes Argentinos (IPA). &nbsp; De ese modo, critic\u00f3 que &#8220;el kilowatt en la Argentina es uno de los m\u00e1s caros de Latinoam\u00e9rica&#8221;, por&#8230;<\/p>\n","protected":false},"author":3,"featured_media":22805,"comment_status":"closed","ping_status":"closed","sticky":false,"template":"","format":"standard","meta":[],"categories":[2],"tags":[],"_links":{"self":[{"href":"https:\/\/www.actualidadadiario.com\/index.php\/wp-json\/wp\/v2\/posts\/22804"}],"collection":[{"href":"https:\/\/www.actualidadadiario.com\/index.php\/wp-json\/wp\/v2\/posts"}],"about":[{"href":"https:\/\/www.actualidadadiario.com\/index.php\/wp-json\/wp\/v2\/types\/post"}],"author":[{"embeddable":true,"href":"https:\/\/www.actualidadadiario.com\/index.php\/wp-json\/wp\/v2\/users\/3"}],"replies":[{"embeddable":true,"href":"https:\/\/www.actualidadadiario.com\/index.php\/wp-json\/wp\/v2\/comments?post=22804"}],"version-history":[{"count":1,"href":"https:\/\/www.actualidadadiario.com\/index.php\/wp-json\/wp\/v2\/posts\/22804\/revisions"}],"predecessor-version":[{"id":22806,"href":"https:\/\/www.actualidadadiario.com\/index.php\/wp-json\/wp\/v2\/posts\/22804\/revisions\/22806"}],"wp:featuredmedia":[{"embeddable":true,"href":"https:\/\/www.actualidadadiario.com\/index.php\/wp-json\/wp\/v2\/media\/22805"}],"wp:attachment":[{"href":"https:\/\/www.actualidadadiario.com\/index.php\/wp-json\/wp\/v2\/media?parent=22804"}],"wp:term":[{"taxonomy":"category","embeddable":true,"href":"https:\/\/www.actualidadadiario.com\/index.php\/wp-json\/wp\/v2\/categories?post=22804"},{"taxonomy":"post_tag","embeddable":true,"href":"https:\/\/www.actualidadadiario.com\/index.php\/wp-json\/wp\/v2\/tags?post=22804"}],"curies":[{"name":"wp","href":"https:\/\/api.w.org\/{rel}","templated":true}]}}