{"id":22801,"date":"2018-01-29T12:22:56","date_gmt":"2018-01-29T15:22:56","guid":{"rendered":"http:\/\/actualidadadiario.com\/site\/?p=22801"},"modified":"2018-11-06T19:47:33","modified_gmt":"2018-11-06T22:47:33","slug":"advierten-que-el-deficit-comercial-se-agravara-durante-este-ano","status":"publish","type":"post","link":"https:\/\/www.actualidadadiario.com\/index.php\/2018\/01\/29\/advierten-que-el-deficit-comercial-se-agravara-durante-este-ano\/","title":{"rendered":"Advierten que el d\u00e9ficit comercial se agravar\u00e1 durante este a\u00f1o"},"content":{"rendered":"<p><em><strong>Un estudio de Ecolatina prev\u00e9 que las cuentas del comercio exterior empeorar\u00e1n en 2018. En cuanto al a\u00f1o pasado, destac\u00f3 que todos los meses dieron saldo negativo<\/strong><\/em><\/p>\n<p>&nbsp;<\/p>\n<p>&nbsp;<\/p>\n<p>&nbsp;<\/p>\n<p>De acuerdo al \u00faltimo informe elaborado por consultora Ecolatina, el saldo negativo de las cuentas externas &#8220;se agravar\u00e1&#8221; este a\u00f1o, no s\u00f3lo en t\u00e9rminos nominales, sino tambi\u00e9n medido como porcentaje del PBI.<\/p>\n<p>&nbsp;<\/p>\n<p>Seg\u00fan se indica en el trabajo recientemente difundido, la situaci\u00f3n se dar\u00e1 impulsada por &#8220;el atraso cambiario y el crecimiento econ\u00f3mico&#8221;.<\/p>\n<p>&nbsp;<\/p>\n<p>&#8220;En el \u00faltimo a\u00f1o, el d\u00e9ficit comercial de bienes roz\u00f3 los USD 8.500 millones, revirtiendo el super\u00e1vit alcanzado en 2016&#8221;, destac\u00f3 el estudio, y puso en evidencia &#8220;un hecho in\u00e9dito para la econom\u00eda argentina de la posconvertibilidad: todos los meses del a\u00f1o arrojaron un saldo negativo&#8221;.<\/p>\n<p>&nbsp;<\/p>\n<p>&#8220;Esta din\u00e1mica respondi\u00f3 a las dispares velocidades de crecimiento que mostraron las exportaciones y las importaciones ya que mientras que las primeras treparon 1% a lo largo del \u00faltimo a\u00f1o, las importaciones saltaron 20%&#8221;, puntualiz\u00f3 Ecolatina.<\/p>\n<p>&nbsp;<\/p>\n<p>Seg\u00fan sostuvo, &#8220;la flexibilizaci\u00f3n del r\u00e9gimen de administraci\u00f3n del comercio, un d\u00f3lar barato y la recuperaci\u00f3n de la actividad, fueron las principales razones detr\u00e1s de esta din\u00e1mica&#8221;.<\/p>\n<p>&nbsp;<\/p>\n<p>&#8220;A contramano, un mundo en donde avanza el proteccionismo, dificulta el despegue de los env\u00edos al exterior&#8221;, se advierte en el texto.<\/p>\n","protected":false},"excerpt":{"rendered":"<p>Un estudio de Ecolatina prev\u00e9 que las cuentas del comercio exterior empeorar\u00e1n en 2018. En cuanto al a\u00f1o pasado, destac\u00f3 que todos los meses dieron saldo negativo &nbsp; &nbsp; &nbsp; De acuerdo al \u00faltimo informe elaborado por consultora Ecolatina, el saldo negativo de las cuentas externas &#8220;se agravar\u00e1&#8221; este a\u00f1o, no s\u00f3lo en t\u00e9rminos nominales, sino tambi\u00e9n medido como porcentaje del PBI. &nbsp; Seg\u00fan se indica en el trabajo recientemente difundido, la situaci\u00f3n se dar\u00e1 impulsada por &#8220;el atraso cambiario y el crecimiento econ\u00f3mico&#8221;. &nbsp; &#8220;En el \u00faltimo a\u00f1o, el&#8230;<\/p>\n","protected":false},"author":3,"featured_media":22802,"comment_status":"closed","ping_status":"closed","sticky":false,"template":"","format":"standard","meta":[],"categories":[2],"tags":[],"_links":{"self":[{"href":"https:\/\/www.actualidadadiario.com\/index.php\/wp-json\/wp\/v2\/posts\/22801"}],"collection":[{"href":"https:\/\/www.actualidadadiario.com\/index.php\/wp-json\/wp\/v2\/posts"}],"about":[{"href":"https:\/\/www.actualidadadiario.com\/index.php\/wp-json\/wp\/v2\/types\/post"}],"author":[{"embeddable":true,"href":"https:\/\/www.actualidadadiario.com\/index.php\/wp-json\/wp\/v2\/users\/3"}],"replies":[{"embeddable":true,"href":"https:\/\/www.actualidadadiario.com\/index.php\/wp-json\/wp\/v2\/comments?post=22801"}],"version-history":[{"count":1,"href":"https:\/\/www.actualidadadiario.com\/index.php\/wp-json\/wp\/v2\/posts\/22801\/revisions"}],"predecessor-version":[{"id":22803,"href":"https:\/\/www.actualidadadiario.com\/index.php\/wp-json\/wp\/v2\/posts\/22801\/revisions\/22803"}],"wp:featuredmedia":[{"embeddable":true,"href":"https:\/\/www.actualidadadiario.com\/index.php\/wp-json\/wp\/v2\/media\/22802"}],"wp:attachment":[{"href":"https:\/\/www.actualidadadiario.com\/index.php\/wp-json\/wp\/v2\/media?parent=22801"}],"wp:term":[{"taxonomy":"category","embeddable":true,"href":"https:\/\/www.actualidadadiario.com\/index.php\/wp-json\/wp\/v2\/categories?post=22801"},{"taxonomy":"post_tag","embeddable":true,"href":"https:\/\/www.actualidadadiario.com\/index.php\/wp-json\/wp\/v2\/tags?post=22801"}],"curies":[{"name":"wp","href":"https:\/\/api.w.org\/{rel}","templated":true}]}}