{"id":22787,"date":"2018-01-29T12:16:51","date_gmt":"2018-01-29T15:16:51","guid":{"rendered":"http:\/\/actualidadadiario.com\/site\/?p=22787"},"modified":"2018-11-06T19:51:12","modified_gmt":"2018-11-06T22:51:12","slug":"mas-de-60-000-estudiantes-recibieron-becas-de-la-provincia-en-2017","status":"publish","type":"post","link":"https:\/\/www.actualidadadiario.com\/index.php\/2018\/01\/29\/mas-de-60-000-estudiantes-recibieron-becas-de-la-provincia-en-2017\/","title":{"rendered":"M\u00e1s de 60.000 estudiantes recibieron becas de la provincia en 2017"},"content":{"rendered":"<p><em><strong>\u201cCon la decisi\u00f3n pol\u00edtica del gobernador Gustavo Bordet y el trabajo comprometido del equipo, impulsamos programas y servicios esenciales para acompa\u00f1ar a 60.000 estudiantes entrerrianos\u201d, sostuvo a modo de balance del 2017 la directora Ejecutiva del Instituto Becario, Claudia Gieco<\/strong><\/em><\/p>\n<p>&nbsp;<\/p>\n<p>&nbsp;<\/p>\n<p>&nbsp;<\/p>\n<p>El Instituto Aut\u00e1rquico Becario Provincial desarroll\u00f3 un calendario extenso y participativo en el 2017. Dividido por etapas, pero aunando esfuerzos y trabajando en equipo se cumpli\u00f3 con una agenda amplia tanto en lo administrativo como en el territorio.<\/p>\n<p>&nbsp;<\/p>\n<p>La directora Ejecutiva, Claudia Gieco, cont\u00f3 que \u201ceste organismo es una instituci\u00f3n al servicio de los estudiantes y sus familias. Generadora de oportunidades, inclusiva y que impulsa a los j\u00f3venes a desarrollar h\u00e1bitos ligados al estudio y la vida saludable\u201d.<\/p>\n<p>&nbsp;<\/p>\n<p>\u201cCon Mayda Cresto, mi compa\u00f1era de equipo durante todo este a\u00f1o, trabajamos sobre pilares fundamentales para continuar con el crecimiento sostenido del organismo. Hablamos en reiteradas oportunidades con el gobernador Gustavo Bordet, para potenciar un trabajo articulado y en equipo con funcionarios, intendentes, legisladores, como as\u00ed tambi\u00e9n con referentes sociales y representantes de instituciones intermedias. Ese di\u00e1logo y apertura nos permiti\u00f3 consolidar herramientas que benefician directamente a nuestros alumnos\u201d, subray\u00f3.<\/p>\n<p>&nbsp;<\/p>\n<p>Para Gieco, \u201clas becas siguen siendo la columna vertebral del Instituto. Por eso la decisi\u00f3n de aumentar los montos en un 70% en los \u00faltimos dos a\u00f1os; y por ello trabajaremos a partir de febrero para consolidar un acompa\u00f1amiento significativo para el estudiantado\u201d. Asimismo, agreg\u00f3 que \u201cla propuesta ser\u00e1 mejorar sustancialmente el seguimiento y apoyo al nivel superior, siempre usando instrumentos importantes que tenemos a disposici\u00f3n como el Mapa Entrerriano de Carreras Prioritarias o la Gu\u00eda de carreras Prioritarias\u201d.<\/p>\n<p>&nbsp;<\/p>\n<p>La titular del Becario mencion\u00f3 que \u201cservicios como orientaci\u00f3n vocacional tambi\u00e9n ser\u00e1n fundamentales para complementar lo anterior\u201d.<\/p>\n<p>&nbsp;<\/p>\n<p>\u201cQueremos j\u00f3venes decididos, que cuenten con informaci\u00f3n suficiente y que puedan arribar a una toma de decisi\u00f3n a conciencia. Es importante que cuando elijan una carrera sea con el convencimiento de que los apasiona, pero que tambi\u00e9n les garantice una oportunidad de desarrollo y crecimiento. Con las herramientas a disposici\u00f3n, el gobierno de Entre R\u00edos estar\u00e1 presente junto a los alumnos\u201d, sostuvo.<\/p>\n<p>&nbsp;<\/p>\n<p>&nbsp;<\/p>\n<p><strong>En el territorio<\/strong><\/p>\n<p>La presencia del Instituto en los 17 departamentos ha sido clave para descentralizar el organismo, para estar presente con cada programa y servicio en m\u00e1s de 50 ciudades, para que la propuesta sea amplia, abarcativa e inclusiva. M\u00e1s de 60.000 estudiantes son alcanzados por las diferentes propuestas de esta instituci\u00f3n gubernamental.<\/p>\n<p>&nbsp;<\/p>\n<p>\u201cHay dos decisiones claves en ese aspecto -explic\u00f3 Gieco- el desarrollo del programa Educando en Movimiento en 170 puntos de la provincia, en 37 localidades y llegando a m\u00e1s de 5000 alumnos con Apoyo Escolar y Actividades Recreativas en el propio barrio\u201d.<\/p>\n<p>&nbsp;<\/p>\n<p>A trav\u00e9s de este programa, \u201cel Becario apuesta a generar h\u00e1bitos desde la temprana edad, ya que inicia con alumnos de 6 a 14 a\u00f1os, como acompa\u00f1amiento informal para mejorar el desempe\u00f1o en su educaci\u00f3n formal. Como complemento, se practican actividades recreativas relacionadas al deporte y la cultura para que los chicos completen una jornada de aprendizaje que los acercar\u00e1 a una mejor formaci\u00f3n integral\u201d, dijo.<\/p>\n<p>&nbsp;<\/p>\n<p>Por otra parte, destac\u00f3 que el Transporte Escolar Rural \u2013TER- \u201ces una herramienta fundamental para garantizar la educaci\u00f3n de 10.000 j\u00f3venes, que de no ser por la intervenci\u00f3n del Gobierno Provincial ver\u00edan seriamente comprometida su presencia en la escuela\u201d.<\/p>\n<p>&nbsp;<\/p>\n<p>\u201cEl TER es gratuito para el alumno de zona rural, que a diario acude a estudiar en un recorrido pautado, con prestadores que conocen el terreno, la familia, los docentes. El Becario asumi\u00f3 el compromiso de administrar y controlar el transporte para impulsarlo, mejorarlo y consolidarlo como un servicio fundamental del Estado\u201d, afirm\u00f3 Gieco.<\/p>\n","protected":false},"excerpt":{"rendered":"<p>\u201cCon la decisi\u00f3n pol\u00edtica del gobernador Gustavo Bordet y el trabajo comprometido del equipo, impulsamos programas y servicios esenciales para acompa\u00f1ar a 60.000 estudiantes entrerrianos\u201d, sostuvo a modo de balance del 2017 la directora Ejecutiva del Instituto Becario, Claudia Gieco &nbsp; &nbsp; &nbsp; El Instituto Aut\u00e1rquico Becario Provincial desarroll\u00f3 un calendario extenso y participativo en el 2017. Dividido por etapas, pero aunando esfuerzos y trabajando en equipo se cumpli\u00f3 con una agenda amplia tanto en lo administrativo como en el territorio. &nbsp; La directora Ejecutiva, Claudia Gieco, cont\u00f3 que \u201ceste&#8230;<\/p>\n","protected":false},"author":3,"featured_media":22788,"comment_status":"closed","ping_status":"closed","sticky":false,"template":"","format":"standard","meta":[],"categories":[15],"tags":[],"_links":{"self":[{"href":"https:\/\/www.actualidadadiario.com\/index.php\/wp-json\/wp\/v2\/posts\/22787"}],"collection":[{"href":"https:\/\/www.actualidadadiario.com\/index.php\/wp-json\/wp\/v2\/posts"}],"about":[{"href":"https:\/\/www.actualidadadiario.com\/index.php\/wp-json\/wp\/v2\/types\/post"}],"author":[{"embeddable":true,"href":"https:\/\/www.actualidadadiario.com\/index.php\/wp-json\/wp\/v2\/users\/3"}],"replies":[{"embeddable":true,"href":"https:\/\/www.actualidadadiario.com\/index.php\/wp-json\/wp\/v2\/comments?post=22787"}],"version-history":[{"count":1,"href":"https:\/\/www.actualidadadiario.com\/index.php\/wp-json\/wp\/v2\/posts\/22787\/revisions"}],"predecessor-version":[{"id":22789,"href":"https:\/\/www.actualidadadiario.com\/index.php\/wp-json\/wp\/v2\/posts\/22787\/revisions\/22789"}],"wp:featuredmedia":[{"embeddable":true,"href":"https:\/\/www.actualidadadiario.com\/index.php\/wp-json\/wp\/v2\/media\/22788"}],"wp:attachment":[{"href":"https:\/\/www.actualidadadiario.com\/index.php\/wp-json\/wp\/v2\/media?parent=22787"}],"wp:term":[{"taxonomy":"category","embeddable":true,"href":"https:\/\/www.actualidadadiario.com\/index.php\/wp-json\/wp\/v2\/categories?post=22787"},{"taxonomy":"post_tag","embeddable":true,"href":"https:\/\/www.actualidadadiario.com\/index.php\/wp-json\/wp\/v2\/tags?post=22787"}],"curies":[{"name":"wp","href":"https:\/\/api.w.org\/{rel}","templated":true}]}}