{"id":22784,"date":"2018-01-29T12:10:31","date_gmt":"2018-01-29T15:10:31","guid":{"rendered":"http:\/\/actualidadadiario.com\/site\/?p=22784"},"modified":"2018-11-06T19:47:56","modified_gmt":"2018-11-06T22:47:56","slug":"bordet-evaluo-su-participacion-en-davos","status":"publish","type":"post","link":"https:\/\/www.actualidadadiario.com\/index.php\/2018\/01\/29\/bordet-evaluo-su-participacion-en-davos\/","title":{"rendered":"Bordet evalu\u00f3 su participaci\u00f3n en Davos"},"content":{"rendered":"<p><em><strong>El gobernador Gustavo Bordet realiz\u00f3 un balance de la misi\u00f3n a Rusia, Davos y Francia. Subray\u00f3 el di\u00e1logo con empresarios y l\u00edderes mundiales y el trabajo con distintos niveles de gobierno en el pa\u00eds. \u201cHay que articular pol\u00edticas p\u00fablicas para resolver los problemas que tienen los ciudadanos&#8221;, dijo<\/strong><\/em><\/p>\n<p>&nbsp;<\/p>\n<p>&nbsp;<\/p>\n<p>&nbsp;<\/p>\n<p>Con la mira puesta en atraer inversiones productivas y generar oportunidades de desarrollo, Bordet particip\u00f3 de numerosas reuniones con empresarios de firmas l\u00edderes en todo el mundo. Alimentos, infraestructura, puertos, energ\u00eda y medicamentos entrerrianos, fueron los principales rubros que concitaron el inter\u00e9s de CEOs y dirigentes.<\/p>\n<p>&nbsp;<\/p>\n<p>\u201cLo que hacemos desde el gobierno es generar y crear las condiciones necesarias para que nuestros empresarios puedan salir al mundo a vender sus productos\u201d, sintetiz\u00f3.<\/p>\n<p>&nbsp;<\/p>\n<p>No obstante, el mandatario entrerriano destac\u00f3 el \u201cinter\u00e9s\u201d de los empresarios europeos en la Argentina y en su proceso pol\u00edtico. \u201cObviamente, pertenecemos a partidos pol\u00edticos diferentes -dijo en relaci\u00f3n a los integrantes de la misi\u00f3n- pensamos y tenemos visiones de la econom\u00eda y de la pol\u00edtica distintas. Pero esto no obstaculiza que nos pongamos de acuerdo en los temas que son transcendentes para lograr objetivos que son comunes y concretos. Por eso hay tambi\u00e9n un inter\u00e9s manifiesto por parte de las empresas de acudir a las reuniones y de ver las condiciones de inversi\u00f3n en nuestro pa\u00eds\u201d, remarc\u00f3.<\/p>\n<p>&nbsp;<\/p>\n<p>\u201cM\u00e1s all\u00e1 de que pensemos diferente y tengamos visiones distintas hay que lograr articular pol\u00edticas p\u00fablicas para resolver los problemas que tienen los ciudadanos, y esa es la prioridad\u201d, sentenci\u00f3.<\/p>\n<p>&nbsp;<\/p>\n<p>En esa l\u00ednea, Bordet reiter\u00f3 que \u201chay que gobernar\u201d y llam\u00f3 a \u201cestar de acuerdo en los grandes objetivos que nos posibilitan llevar adelante programas de obras p\u00fablicas, atenci\u00f3n sociosanitaria de la poblaci\u00f3n y tambi\u00e9n equilibrar nuestras cuentas p\u00fablicas para que seamos una provincia previsible, ordenada\u201d. Eso generar\u00e1 las \u201cposibilidades de crecimiento y de que se incorporen al desarrollo muchos sectores que hoy no lo est\u00e1n y que contin\u00faan por debajo la l\u00ednea de pobreza\u201d, explic\u00f3.<\/p>\n<p>&nbsp;<\/p>\n<p>En esa marco, subray\u00f3 que a ra\u00edz de las reuniones que se produjeron durante el viaje ya se abrieron algunas l\u00edneas de trabajo con empresas mundiales: \u201cesto que se est\u00e1 trabajando realmente es muy importante porque tiene efectos concretos y palpables en lo que son condiciones de competitividad para nuestras cadenas de valor\u201d, indic\u00f3 en referencia al sector de infraestructura.<\/p>\n<p>&nbsp;<\/p>\n<p>&nbsp;<\/p>\n<p><strong>C\u00edtricos y medicamentos<\/strong><\/p>\n<p>Aparte de la reuni\u00f3n con el gerente mundial de Coca Cola que \u201cmanifest\u00f3 la posibilidad de seguir comprando citrus en nuestra zona para la fabricaci\u00f3n de jugos y tambi\u00e9n para exportar desde Argentina hacia otras l\u00edneas de Coca Cola\u201d, Bordet destac\u00f3 el encuentro con representantes de Pepsi, con el objetivo de que \u201cpuedan comprar nuestros productores. Esto es una buena noticia porque sostiene la actividad que tiene una competitividad muy ajustada, como lo es la citricultura\u201d, grafic\u00f3.<\/p>\n<p>&nbsp;<\/p>\n<p>En esa l\u00ednea, tambi\u00e9n valor\u00f3 el inter\u00e9s de empresarios rusos por la compra de medicamentos entrerrianos, \u201cconcretamente insulina, que nos plantearon en la reuni\u00f3n\u201d, y el pedido de otro sector empresarial interesado en \u201cel desarrollo de energ\u00edas limpias. Si queremos desarrollar nuestra econom\u00eda, si queremos generar m\u00e1s posibilidades de trabajo, hay que salir al mundo\u201d, record\u00f3.<\/p>\n","protected":false},"excerpt":{"rendered":"<p>El gobernador Gustavo Bordet realiz\u00f3 un balance de la misi\u00f3n a Rusia, Davos y Francia. Subray\u00f3 el di\u00e1logo con empresarios y l\u00edderes mundiales y el trabajo con distintos niveles de gobierno en el pa\u00eds. \u201cHay que articular pol\u00edticas p\u00fablicas para resolver los problemas que tienen los ciudadanos&#8221;, dijo &nbsp; &nbsp; &nbsp; Con la mira puesta en atraer inversiones productivas y generar oportunidades de desarrollo, Bordet particip\u00f3 de numerosas reuniones con empresarios de firmas l\u00edderes en todo el mundo. Alimentos, infraestructura, puertos, energ\u00eda y medicamentos entrerrianos, fueron los principales rubros que&#8230;<\/p>\n","protected":false},"author":3,"featured_media":22785,"comment_status":"closed","ping_status":"closed","sticky":false,"template":"","format":"standard","meta":[],"categories":[9,15],"tags":[],"_links":{"self":[{"href":"https:\/\/www.actualidadadiario.com\/index.php\/wp-json\/wp\/v2\/posts\/22784"}],"collection":[{"href":"https:\/\/www.actualidadadiario.com\/index.php\/wp-json\/wp\/v2\/posts"}],"about":[{"href":"https:\/\/www.actualidadadiario.com\/index.php\/wp-json\/wp\/v2\/types\/post"}],"author":[{"embeddable":true,"href":"https:\/\/www.actualidadadiario.com\/index.php\/wp-json\/wp\/v2\/users\/3"}],"replies":[{"embeddable":true,"href":"https:\/\/www.actualidadadiario.com\/index.php\/wp-json\/wp\/v2\/comments?post=22784"}],"version-history":[{"count":1,"href":"https:\/\/www.actualidadadiario.com\/index.php\/wp-json\/wp\/v2\/posts\/22784\/revisions"}],"predecessor-version":[{"id":22786,"href":"https:\/\/www.actualidadadiario.com\/index.php\/wp-json\/wp\/v2\/posts\/22784\/revisions\/22786"}],"wp:featuredmedia":[{"embeddable":true,"href":"https:\/\/www.actualidadadiario.com\/index.php\/wp-json\/wp\/v2\/media\/22785"}],"wp:attachment":[{"href":"https:\/\/www.actualidadadiario.com\/index.php\/wp-json\/wp\/v2\/media?parent=22784"}],"wp:term":[{"taxonomy":"category","embeddable":true,"href":"https:\/\/www.actualidadadiario.com\/index.php\/wp-json\/wp\/v2\/categories?post=22784"},{"taxonomy":"post_tag","embeddable":true,"href":"https:\/\/www.actualidadadiario.com\/index.php\/wp-json\/wp\/v2\/tags?post=22784"}],"curies":[{"name":"wp","href":"https:\/\/api.w.org\/{rel}","templated":true}]}}