{"id":22772,"date":"2018-01-26T12:28:58","date_gmt":"2018-01-26T15:28:58","guid":{"rendered":"http:\/\/actualidadadiario.com\/site\/?p=22772"},"modified":"2018-11-06T19:52:15","modified_gmt":"2018-11-06T22:52:15","slug":"se-endurece-la-ofensiva-judicial-contra-lula-y-le-prohiben-salir-del-pais","status":"publish","type":"post","link":"https:\/\/www.actualidadadiario.com\/index.php\/2018\/01\/26\/se-endurece-la-ofensiva-judicial-contra-lula-y-le-prohiben-salir-del-pais\/","title":{"rendered":"Se endurece la ofensiva judicial contra Lula y le proh\u00edben salir del pa\u00eds"},"content":{"rendered":"<p><em><strong>Un juez federal orden\u00f3 retirarle el pasaporte al ex presidente tras la ratificaci\u00f3n de su condena. Lula estaba a punto de viajar a Etiop\u00eda para participar de una cumbre de la FAO<\/strong><\/em><\/p>\n<p>&nbsp;<\/p>\n<p>&nbsp;<\/p>\n<p>&nbsp;<\/p>\n<p>Al d\u00eda siguiente de conocerse la condena en segunda instancia contra Luis In\u00e1cio Lula da Silva por presuntos actos de corrupci\u00f3n, un juez federal orden\u00f3 este jueves la retenci\u00f3n de su pasaporte y le prohibi\u00f3 salir del pa\u00eds por riesgo de fuga.<\/p>\n<p>&nbsp;<\/p>\n<p>\u201cEl director general de la Polic\u00eda Federal, Fernando Segovia, inform\u00f3 por tel\u00e9fono al ministro de Justicia, Torquato Jardim, de la decisi\u00f3n de la Justicia Federal de impedir al expresidente Luiz In\u00e1cio Lula da Silva salir del pa\u00eds\u201d, inform\u00f3 la dependencia policial en un comunicado.<\/p>\n<p>&nbsp;<\/p>\n<p>La noticia se conoci\u00f3 pocas horas antes de que el ex presidente se embarcara a Etiop\u00eda para participar en un congreso de la Organizaci\u00f3n de Naciones Unidas para la Alimentaci\u00f3n y la Agricultura (FAO) en el marco de la Trig\u00e9sima Cumbre de la Uni\u00f3n Africana.<\/p>\n<p>&nbsp;<\/p>\n<p>Tambi\u00e9n sucedi\u00f3 el mismo d\u00eda en que el PT lanzara la precandidatura de Lula para las pr\u00f3ximas elecciones presidenciales, pese a la condena que pesa sobre \u00e9l. La condena no lo inhabilita directamente, pero puede ser una raz\u00f3n para que la Justicia Electoral lo haga.<\/p>\n<p>&nbsp;<\/p>\n<p>El Ministerio P\u00fablico Federal de Brasilia argument\u00f3 la adopci\u00f3n de dicha medida asegurando que existe \u201criesgo de fuga\u201d.<\/p>\n<p>&nbsp;<\/p>\n<p>\u201cEstamos cumpliendo la orden judicial de decomisar el pasaporte del expresidente Lula. Nos estamos poniendo en contacto con su asesor\u00eda para ver c\u00f3mo lo recogeremos\u201d, se\u00f1al\u00f3 un vocero de la Polic\u00eda Federal en Brasilia a la agencia francesa de noticias AFP.<\/p>\n","protected":false},"excerpt":{"rendered":"<p>Un juez federal orden\u00f3 retirarle el pasaporte al ex presidente tras la ratificaci\u00f3n de su condena. Lula estaba a punto de viajar a Etiop\u00eda para participar de una cumbre de la FAO &nbsp; &nbsp; &nbsp; Al d\u00eda siguiente de conocerse la condena en segunda instancia contra Luis In\u00e1cio Lula da Silva por presuntos actos de corrupci\u00f3n, un juez federal orden\u00f3 este jueves la retenci\u00f3n de su pasaporte y le prohibi\u00f3 salir del pa\u00eds por riesgo de fuga. &nbsp; \u201cEl director general de la Polic\u00eda Federal, Fernando Segovia, inform\u00f3 por tel\u00e9fono&#8230;<\/p>\n","protected":false},"author":3,"featured_media":22773,"comment_status":"closed","ping_status":"closed","sticky":false,"template":"","format":"standard","meta":[],"categories":[4],"tags":[],"_links":{"self":[{"href":"https:\/\/www.actualidadadiario.com\/index.php\/wp-json\/wp\/v2\/posts\/22772"}],"collection":[{"href":"https:\/\/www.actualidadadiario.com\/index.php\/wp-json\/wp\/v2\/posts"}],"about":[{"href":"https:\/\/www.actualidadadiario.com\/index.php\/wp-json\/wp\/v2\/types\/post"}],"author":[{"embeddable":true,"href":"https:\/\/www.actualidadadiario.com\/index.php\/wp-json\/wp\/v2\/users\/3"}],"replies":[{"embeddable":true,"href":"https:\/\/www.actualidadadiario.com\/index.php\/wp-json\/wp\/v2\/comments?post=22772"}],"version-history":[{"count":1,"href":"https:\/\/www.actualidadadiario.com\/index.php\/wp-json\/wp\/v2\/posts\/22772\/revisions"}],"predecessor-version":[{"id":22774,"href":"https:\/\/www.actualidadadiario.com\/index.php\/wp-json\/wp\/v2\/posts\/22772\/revisions\/22774"}],"wp:featuredmedia":[{"embeddable":true,"href":"https:\/\/www.actualidadadiario.com\/index.php\/wp-json\/wp\/v2\/media\/22773"}],"wp:attachment":[{"href":"https:\/\/www.actualidadadiario.com\/index.php\/wp-json\/wp\/v2\/media?parent=22772"}],"wp:term":[{"taxonomy":"category","embeddable":true,"href":"https:\/\/www.actualidadadiario.com\/index.php\/wp-json\/wp\/v2\/categories?post=22772"},{"taxonomy":"post_tag","embeddable":true,"href":"https:\/\/www.actualidadadiario.com\/index.php\/wp-json\/wp\/v2\/tags?post=22772"}],"curies":[{"name":"wp","href":"https:\/\/api.w.org\/{rel}","templated":true}]}}