{"id":22766,"date":"2018-01-26T12:27:24","date_gmt":"2018-01-26T15:27:24","guid":{"rendered":"http:\/\/actualidadadiario.com\/site\/?p=22766"},"modified":"2018-11-06T19:48:18","modified_gmt":"2018-11-06T22:48:18","slug":"con-el-lema-a-no-bajar-los-brazos-el-pt-lanzo-la-precandidatura-presidencial-de-lula","status":"publish","type":"post","link":"https:\/\/www.actualidadadiario.com\/index.php\/2018\/01\/26\/con-el-lema-a-no-bajar-los-brazos-el-pt-lanzo-la-precandidatura-presidencial-de-lula\/","title":{"rendered":"Con el lema &#8220;A no bajar los brazos&#8221;, el PT lanz\u00f3 la precandidatura presidencial de Lula"},"content":{"rendered":"<p><em><b>El ex presidente\u00a0-condenado el mi\u00e9rcoles- desafi\u00f3 a la Justicia al decir que &#8220;han formado un cartel&#8221;. El partido de los Trabajadores lanz\u00f3 una gran movilizaci\u00f3n.<\/b><\/em><\/p>\n<p>&nbsp;<\/p>\n<p>&nbsp;<\/p>\n<p>&nbsp;<\/p>\n<p>La decisi\u00f3n del Partido de los Trabajadores de Brasil de anunciar el lanzamiento de la precandidatura presidencial del ex mandatario Luiz In\u00e1cio Lula da SIlva no pas\u00f3 desapercibido en los partidos, organizaciones y los sindicatos argentinos.<\/p>\n<p>&nbsp;<\/p>\n<p>Flanqueado por la expresidenta Dilma Rousseff, Lula reiter\u00f3 que existe un &#8220;pacto de los medios, el poder judicial y otros resortes del Estado&#8221; para usar las sentencias con fines pol\u00edticos y evitar su regreso al poder.<\/p>\n<p>&nbsp;<\/p>\n<p>&#8220;Ayer entend\u00ed lo que era un cartel, los jueces act\u00faan como un cartel. Toman decisiones corporativas, cuando uno de los camaristas tuvo seis d\u00edas para leer el expediente. Hay otras causas en juego por delante, como criminalizar al PT y hacerlo una asociaci\u00f3n il\u00edcita&#8221;, sostuvo.<\/p>\n<p>&nbsp;<\/p>\n<p>La decisi\u00f3n fue anunciada por la presidenta del PT, senadora Gleisi Hoffmann, en el inicio de la reuni\u00f3n del directorio ejecutivo del partido, al lado de Lula y de la ex presidenta Dilma Rousseff, en San Pablo.<\/p>\n<p>&nbsp;<\/p>\n<p>&#8220;Estamos aqu\u00ed para reafirmar la candidatura de Luiz In\u00e1cio Lula da Silva. Ser\u00e1 nuestro candidato&#8221;, dijo la senadora Gleisi Hoffmann, presidenta de la mayor fuerza de izquierda de Brasil, en la apertura de una reuni\u00f3n de la directiva del PT en Sao Paulo.<\/p>\n<p>&nbsp;<\/p>\n<p>&#8220;La decisi\u00f3n de ayer fue pol\u00edtica. Obviamente que no estoy feliz. Pero dudo de que quienes me juzgaron tengan la conciencia tranquila&#8221;, afirm\u00f3 Lula.<\/p>\n<p>&nbsp;<\/p>\n<p>&#8220;Sin arrogancia, quiero decirles que quiero ser candidato, para ganar las elecciones. \u00a1Nada de bajar la cabeza!&#8221;, agreg\u00f3.<\/p>\n","protected":false},"excerpt":{"rendered":"<p>El ex presidente\u00a0-condenado el mi\u00e9rcoles- desafi\u00f3 a la Justicia al decir que &#8220;han formado un cartel&#8221;. El partido de los Trabajadores lanz\u00f3 una gran movilizaci\u00f3n. &nbsp; &nbsp; &nbsp; La decisi\u00f3n del Partido de los Trabajadores de Brasil de anunciar el lanzamiento de la precandidatura presidencial del ex mandatario Luiz In\u00e1cio Lula da SIlva no pas\u00f3 desapercibido en los partidos, organizaciones y los sindicatos argentinos. &nbsp; Flanqueado por la expresidenta Dilma Rousseff, Lula reiter\u00f3 que existe un &#8220;pacto de los medios, el poder judicial y otros resortes del Estado&#8221; para usar&#8230;<\/p>\n","protected":false},"author":3,"featured_media":22767,"comment_status":"closed","ping_status":"closed","sticky":false,"template":"","format":"standard","meta":[],"categories":[4],"tags":[],"_links":{"self":[{"href":"https:\/\/www.actualidadadiario.com\/index.php\/wp-json\/wp\/v2\/posts\/22766"}],"collection":[{"href":"https:\/\/www.actualidadadiario.com\/index.php\/wp-json\/wp\/v2\/posts"}],"about":[{"href":"https:\/\/www.actualidadadiario.com\/index.php\/wp-json\/wp\/v2\/types\/post"}],"author":[{"embeddable":true,"href":"https:\/\/www.actualidadadiario.com\/index.php\/wp-json\/wp\/v2\/users\/3"}],"replies":[{"embeddable":true,"href":"https:\/\/www.actualidadadiario.com\/index.php\/wp-json\/wp\/v2\/comments?post=22766"}],"version-history":[{"count":1,"href":"https:\/\/www.actualidadadiario.com\/index.php\/wp-json\/wp\/v2\/posts\/22766\/revisions"}],"predecessor-version":[{"id":22768,"href":"https:\/\/www.actualidadadiario.com\/index.php\/wp-json\/wp\/v2\/posts\/22766\/revisions\/22768"}],"wp:featuredmedia":[{"embeddable":true,"href":"https:\/\/www.actualidadadiario.com\/index.php\/wp-json\/wp\/v2\/media\/22767"}],"wp:attachment":[{"href":"https:\/\/www.actualidadadiario.com\/index.php\/wp-json\/wp\/v2\/media?parent=22766"}],"wp:term":[{"taxonomy":"category","embeddable":true,"href":"https:\/\/www.actualidadadiario.com\/index.php\/wp-json\/wp\/v2\/categories?post=22766"},{"taxonomy":"post_tag","embeddable":true,"href":"https:\/\/www.actualidadadiario.com\/index.php\/wp-json\/wp\/v2\/tags?post=22766"}],"curies":[{"name":"wp","href":"https:\/\/api.w.org\/{rel}","templated":true}]}}