{"id":22763,"date":"2018-01-26T12:26:27","date_gmt":"2018-01-26T15:26:27","guid":{"rendered":"http:\/\/actualidadadiario.com\/site\/?p=22763"},"modified":"2018-11-06T19:47:41","modified_gmt":"2018-11-06T22:47:41","slug":"ante-empresarios-franceses-macri-destaco-el-reordenamiento-de-la-economia-y-la-salida-del-populismo","status":"publish","type":"post","link":"https:\/\/www.actualidadadiario.com\/index.php\/2018\/01\/26\/ante-empresarios-franceses-macri-destaco-el-reordenamiento-de-la-economia-y-la-salida-del-populismo\/","title":{"rendered":"Ante empresarios franceses, Macri destac\u00f3 el &#8220;reordenamiento&#8221; de la econom\u00eda y la &#8220;salida del populismo&#8221;"},"content":{"rendered":"<p><em><strong>El presidente Mauricio Macri inici\u00f3 esta ma\u00f1ana, con un desayuno de trabajo que comparti\u00f3 con empresarios franceses, su agenda oficial en Par\u00eds, que tendr\u00e1 como actividad central el encuentro previsto con el mandatario franc\u00e9s, Emmanuel Macron, para las 18.30 hora local (14.30 de Argentina)<\/strong><\/em><\/p>\n<p>&nbsp;<\/p>\n<p>&nbsp;<\/p>\n<p>&nbsp;<\/p>\n<p>&nbsp;<\/p>\n<p>Seg\u00fan se inform\u00f3 oficialmente, la primera jornada de la visita oficial a Francia arranc\u00f3 a las 9 hora local (5 de Argentina), con un desayuno con autoridades del Movimiento de Empresarios de Francia (Medef), que se realiz\u00f3 en el Cercle de L \u00ecUnion Interalli\u00e9e y cont\u00f3 con la participaci\u00f3n de representantes de distintas compa\u00f1\u00edas l\u00edderes.<\/p>\n<p>&nbsp;<\/p>\n<p>La entidad -encabezada por Fr\u00e9d\u00e9ric S\u00e1nchez y con Jean Burelle como presidente de Honor- agrupa a grandes empresas de los sectores de infraestructura, transporte, energ\u00eda, alimentaci\u00f3n, tecnolog\u00eda, turismo, bancos y fondos de inversi\u00f3n.<\/p>\n<p>&nbsp;<\/p>\n<p>En el encuentro, Macri les subray\u00f3 a los empresarios &#8220;la potencialidad que tiene la Argentina&#8221; y destac\u00f3 que el Gobierno &#8220;orden\u00f3 la econom\u00eda e hizo grandes avances con el apoyo de la gente y de la oposici\u00f3n&#8221;.<\/p>\n<p>&nbsp;<\/p>\n<p>&#8220;Agradezco al mundo por habernos recibido, porque nos hemos reunido con todos y eso nos permite ser parte de este mundo globalizado&#8221;, subray\u00f3 el jefe de Estado.<\/p>\n<p>&nbsp;<\/p>\n<p>Se\u00f1al\u00f3 que &#8220;los argentinos han madurado, aprendido de los errores&#8221; y en la elecci\u00f3n de octubre pasado &#8220;ratificaron el rumbo&#8221; que tom\u00f3 el Gobierno para alentar inversiones y terminar con el ciclo de pobreza. &#8220;Eso nos permiti\u00f3 llevar adelante la segunda etapa de nuestras reformas, con el respaldo de la oposici\u00f3n&#8221;, remarc\u00f3.<\/p>\n<p>&nbsp;<\/p>\n<p>Puso de relieve que los argentinos &#8220;hemos dejado atr\u00e1s esa experiencia ligada al populismo que solo ha profundizado la pobreza y hab\u00eda tenido como eje el aislamiento, que no es buena compa\u00f1era en un mundo globalizado&#8221;.<\/p>\n<p>&nbsp;<\/p>\n<p>A su vez, el presidente de MEDEF Internacional, Fr\u00e9d\u00e9ric Sanchez, felicit\u00f3 al Macri &#8220;por los cambios realizados y las metas puestas en reducir la pobreza y bajar la inflaci\u00f3n&#8221;.<\/p>\n<p>&nbsp;<\/p>\n<p>Le manifest\u00f3 el gran inter\u00e9s que despert\u00f3 la convocatoria en las firmas que integran la asociaci\u00f3n al punto de que hubo que &#8220;rechazar pedidos de participaci\u00f3n&#8221;.<\/p>\n<p>&nbsp;<\/p>\n<p>Adelant\u00f3 que en setiembre pr\u00f3ximo viajar\u00e1 a la Argentina una delegaci\u00f3n empresarial para avanzar en la posibilidad de realizar inversiones en el pa\u00eds.<\/p>\n<p>&nbsp;<\/p>\n<p>&#8220;En la Argentina hay 250 empresas francesas y emplean unas 50 mil personas. Nuestras inversiones a su pa\u00eds representan el 5 por ciento del total en el extranjero&#8221;, dijo Sanchez.<\/p>\n<p>&nbsp;<\/p>\n<p>Macri sostuvo que existe expectativa en lograr un acuerdo comercial entre el Mercosur y la Uni\u00f3n Europea, un tema que analizar\u00e1 en la reuni\u00f3n que mantendr\u00e1 por la tarde con el presidente de Francia, Emmanuel Macron.<\/p>\n<p>&nbsp;<\/p>\n<p>En tanto, al finalizar ese encuentro, el presidente Mauricio Macri se reuni\u00f3 con el presidente del Club Med, Henri Giscard d&#8217;Estaing, en el Hotel George V de la capital francesa, donde poco despu\u00e9s, a las 10.45 de Francia (6.45 en Buenos Aires) mantuvo un encuentro con el embajador argentino ante la Unesco, el radical Rodolfo Terragno.<\/p>\n<p>&nbsp;<\/p>\n<p>Luego, el Presidente almorz\u00f3 en la sede central del Grupo Rothschild, donde habl\u00f3 con l\u00edderes del empresariado franc\u00e9s.<\/p>\n<p>&nbsp;<\/p>\n<p>Seguidamente, visitar\u00e1 las instalaciones de Station F, un complejo inaugurado a mediados del a\u00f1o pasado en una antigua estaci\u00f3n de trenes parisina reciclada que alberga a m\u00e1s de 3.000 emprendedores y que es considerado una de las incubadoras de empresas de base tecnol\u00f3gica (startups) m\u00e1s grande del mundo.<\/p>\n<p>&nbsp;<\/p>\n<p>En tanto, en lo que ser\u00e1 la actividad central de la \u00faltima escala de su gira internacional -que comenz\u00f3 en la Federaci\u00f3n Rusa y continu\u00f3 luego en Suiza- Mauricio Macri ser\u00e1 recibido a las 18.30 hora parisina (14.30 de Argentina) por el presidente de Francia, Emmanuel Macron en el Palacio del Eliseo.<\/p>\n<p>&nbsp;<\/p>\n<p>Tras el encuentro, ambos mandatarios ofrecer\u00e1n una declaraci\u00f3n conjunta a la prensa, seg\u00fan de inform\u00f3 oficialmente.<\/p>\n<p>&nbsp;<\/p>\n<p>Macri concurrir\u00e1 al Palacio del Eliseo con las expectativas puestas en lograr encaminar un acuerdo entre el Mercosur y la Uni\u00f3n Europea, que enfrentar\u00e1 la semana pr\u00f3xima otro cap\u00edtulo clave en el marco de una reuni\u00f3n de cancilleres que se desarrollar\u00e1 el mi\u00e9rcoles en la ciudad de Bruselas.<\/p>\n<p>&nbsp;<\/p>\n<p>&#8220;Voy a reunirme con el presidente Macron ma\u00f1ana, esperemos que nos d\u00e9 buenas noticias&#8221;, hab\u00eda asegurado ayer Macri en su presentaci\u00f3n ante el Foro Econ\u00f3mico Mundial de Davos, donde defini\u00f3 a un posible acuerdo Mercosur-UE como &#8220;una oportunidad sin par&#8221;.<\/p>\n<p>&nbsp;<\/p>\n<p>Esta noche, Macron y su esposa agasajar\u00e1n a Macri y a la primera dama, Juliana Awada, con una comida de honor en el restaurante Guy Savoy del Hotel de Monnaie.<\/p>\n<p>&nbsp;<\/p>\n<p>El jefe de Estado lleg\u00f3 a Par\u00eds anoche para iniciar la \u00faltima etapa de la gira europea que realiz\u00f3 esta semana y que incluy\u00f3 la visita a Rusia, donde se reuni\u00f3 con el presidente Vladimir Putin, y su presencia en el Foro Econ\u00f3mico Mundial, en Davos, Suiza, donde expuso en una sesi\u00f3n plenaria en su condici\u00f3n de titular del G20.<\/p>\n<p>&nbsp;<\/p>\n<p>De acuerdo con lo programado en la agenda oficial, Macri emprender\u00e1 su regreso a la Argentina ma\u00f1ana a la noche.<\/p>\n","protected":false},"excerpt":{"rendered":"<p>El presidente Mauricio Macri inici\u00f3 esta ma\u00f1ana, con un desayuno de trabajo que comparti\u00f3 con empresarios franceses, su agenda oficial en Par\u00eds, que tendr\u00e1 como actividad central el encuentro previsto con el mandatario franc\u00e9s, Emmanuel Macron, para las 18.30 hora local (14.30 de Argentina) &nbsp; &nbsp; &nbsp; &nbsp; Seg\u00fan se inform\u00f3 oficialmente, la primera jornada de la visita oficial a Francia arranc\u00f3 a las 9 hora local (5 de Argentina), con un desayuno con autoridades del Movimiento de Empresarios de Francia (Medef), que se realiz\u00f3 en el Cercle de L&#8230;<\/p>\n","protected":false},"author":3,"featured_media":22764,"comment_status":"closed","ping_status":"closed","sticky":false,"template":"","format":"standard","meta":[],"categories":[18],"tags":[],"_links":{"self":[{"href":"https:\/\/www.actualidadadiario.com\/index.php\/wp-json\/wp\/v2\/posts\/22763"}],"collection":[{"href":"https:\/\/www.actualidadadiario.com\/index.php\/wp-json\/wp\/v2\/posts"}],"about":[{"href":"https:\/\/www.actualidadadiario.com\/index.php\/wp-json\/wp\/v2\/types\/post"}],"author":[{"embeddable":true,"href":"https:\/\/www.actualidadadiario.com\/index.php\/wp-json\/wp\/v2\/users\/3"}],"replies":[{"embeddable":true,"href":"https:\/\/www.actualidadadiario.com\/index.php\/wp-json\/wp\/v2\/comments?post=22763"}],"version-history":[{"count":1,"href":"https:\/\/www.actualidadadiario.com\/index.php\/wp-json\/wp\/v2\/posts\/22763\/revisions"}],"predecessor-version":[{"id":22765,"href":"https:\/\/www.actualidadadiario.com\/index.php\/wp-json\/wp\/v2\/posts\/22763\/revisions\/22765"}],"wp:featuredmedia":[{"embeddable":true,"href":"https:\/\/www.actualidadadiario.com\/index.php\/wp-json\/wp\/v2\/media\/22764"}],"wp:attachment":[{"href":"https:\/\/www.actualidadadiario.com\/index.php\/wp-json\/wp\/v2\/media?parent=22763"}],"wp:term":[{"taxonomy":"category","embeddable":true,"href":"https:\/\/www.actualidadadiario.com\/index.php\/wp-json\/wp\/v2\/categories?post=22763"},{"taxonomy":"post_tag","embeddable":true,"href":"https:\/\/www.actualidadadiario.com\/index.php\/wp-json\/wp\/v2\/tags?post=22763"}],"curies":[{"name":"wp","href":"https:\/\/api.w.org\/{rel}","templated":true}]}}