{"id":22757,"date":"2018-01-26T12:24:44","date_gmt":"2018-01-26T15:24:44","guid":{"rendered":"http:\/\/actualidadadiario.com\/site\/?p=22757"},"modified":"2018-11-06T19:49:29","modified_gmt":"2018-11-06T22:49:29","slug":"en-el-gobierno-dan-por-superado-el-escandalo-de-triaca-y-vuelve-al-ministerio-el-lunes","status":"publish","type":"post","link":"https:\/\/www.actualidadadiario.com\/index.php\/2018\/01\/26\/en-el-gobierno-dan-por-superado-el-escandalo-de-triaca-y-vuelve-al-ministerio-el-lunes\/","title":{"rendered":"En el Gobierno dan por superado el esc\u00e1ndalo de Triaca y vuelve al ministerio el lunes"},"content":{"rendered":"<p><em><strong>&#8220;Ya fue ratificado&#8221;, insisten en la Rosada. El funcionario retornar\u00e1 de Mar del Plata de sus vacaciones<\/strong><\/em><\/p>\n<p>&nbsp;<\/p>\n<p>&nbsp;<\/p>\n<p>&nbsp;<\/p>\n<p>En el Gobierno dan por superado el conflicto de Jorge Triaca, que volver\u00e1 de sus vacaciones en Mar del Plata el lunes y reasumir\u00e1 la conducci\u00f3n del Ministerio de Trabajo en plena escalada de la pelea con el camionero Hugo Moyano y cuando empiezan a tomar color las dif\u00edciles negociaciones por las paritarias.<\/p>\n<p>&nbsp;<\/p>\n<p>El ministro de Trabajo qued\u00f3 envuelto en un esc\u00e1ndalo por insultar y contratar a su ex empleada en el gremio Somu, intervenido tras la detenci\u00f3n de Omar &#8220;Caballo&#8221; Su\u00e1rez.<\/p>\n<p>&nbsp;<\/p>\n<p>Y pese a que las derivaciones del conflicto a\u00fan siguen en la agenda de medios y de la clase pol\u00edtica, en la Rosada aseguran que &#8220;lo peor ya pas\u00f3&#8221; y que &#8220;est\u00e1 superado ese problema&#8221;.<\/p>\n<p>&nbsp;<\/p>\n<p>&#8220;Ya lo ratificaron en el cargo&#8221;, aseguraron fuentes de Casa de Gobierno. En ese sentido, Triaca ya recibi\u00f3 el respaldo p\u00fablico del jefe de gabinete, Marcos Pe\u00f1a y de los ministros Rogelio Frigerio y Patricia Bullrich.<\/p>\n<p>&nbsp;<\/p>\n<p>En el seno del Gobierno, sin embargo, siguen circulando versiones de un posible reemplazo. A la danza de nombres a la que se hab\u00edan subido Diego Santilli y la propia Bullrich, ahora se sum\u00f3 la senadora nacional Gladys Gonz\u00e1lez, que fue justamente la interventora del Somu, que qued\u00f3 envuelto en diversos esc\u00e1ndalos que salpican al PRO.<\/p>\n<p>&nbsp;<\/p>\n<p>Santilli tiene una hist\u00f3rica relaci\u00f3n con Moyano, no est\u00e1 claro si eso en la coyuntura actual es un dato positivo o negativo para la Casa Rosada. Pero de cualquier manera, en el entorno del vicejefe de Gobierno descartan de plano pasar a la esfera nacional. &#8220;Diego est\u00e1 muy entusiasmado como vicejefe de Gobierno y quiere completar su mandato&#8221;, afirman.<\/p>\n<p>&nbsp;<\/p>\n<p>Ante la falta de reemplazantes que garanticen el nivel de conocimiento de Triaca del complejo mundo sindical se afianza su continuidad. Sin embargo, debe lidiar con las permanentes cr\u00edticas e intrigas del vicejefe de Gabinete, Mario Quintana, que aspira a terminar de quitarle el rol de interlocutor de los gremios y vive boicoteando sus iniciativas.<\/p>\n<p>&nbsp;<\/p>\n<p>Quintana ya se anot\u00f3 un punto fuerte en esa guerra fr\u00eda al imponer la tesis que era necesario fragmentar la reforma laboral, proyecto central de Triaca al que le dedic\u00f3 buena parte de su gesti\u00f3n e imaginaba como parte de su legado.<\/p>\n<p>&nbsp;<\/p>\n<p>Acaso por eso, otras fuentes de la Casa Rosada relativizan el respaldo al ministro y deslizan que acaso en sesenta d\u00edas termine dejando el cargo.<\/p>\n<p>&nbsp;<\/p>\n<p>Es que el diagn\u00f3stico de que el tema est\u00e1 superado no es el que reflejan los sondeos. El soci\u00f3logo Ricardo Rouvier difundi\u00f3 este martes un sondeo que indica que m\u00e1s del 66% de los consultados considera que deber\u00eda dar un paso al costado.<\/p>\n","protected":false},"excerpt":{"rendered":"<p>&#8220;Ya fue ratificado&#8221;, insisten en la Rosada. El funcionario retornar\u00e1 de Mar del Plata de sus vacaciones &nbsp; &nbsp; &nbsp; En el Gobierno dan por superado el conflicto de Jorge Triaca, que volver\u00e1 de sus vacaciones en Mar del Plata el lunes y reasumir\u00e1 la conducci\u00f3n del Ministerio de Trabajo en plena escalada de la pelea con el camionero Hugo Moyano y cuando empiezan a tomar color las dif\u00edciles negociaciones por las paritarias. &nbsp; El ministro de Trabajo qued\u00f3 envuelto en un esc\u00e1ndalo por insultar y contratar a su ex&#8230;<\/p>\n","protected":false},"author":3,"featured_media":22758,"comment_status":"closed","ping_status":"closed","sticky":false,"template":"","format":"standard","meta":[],"categories":[18],"tags":[],"_links":{"self":[{"href":"https:\/\/www.actualidadadiario.com\/index.php\/wp-json\/wp\/v2\/posts\/22757"}],"collection":[{"href":"https:\/\/www.actualidadadiario.com\/index.php\/wp-json\/wp\/v2\/posts"}],"about":[{"href":"https:\/\/www.actualidadadiario.com\/index.php\/wp-json\/wp\/v2\/types\/post"}],"author":[{"embeddable":true,"href":"https:\/\/www.actualidadadiario.com\/index.php\/wp-json\/wp\/v2\/users\/3"}],"replies":[{"embeddable":true,"href":"https:\/\/www.actualidadadiario.com\/index.php\/wp-json\/wp\/v2\/comments?post=22757"}],"version-history":[{"count":1,"href":"https:\/\/www.actualidadadiario.com\/index.php\/wp-json\/wp\/v2\/posts\/22757\/revisions"}],"predecessor-version":[{"id":22759,"href":"https:\/\/www.actualidadadiario.com\/index.php\/wp-json\/wp\/v2\/posts\/22757\/revisions\/22759"}],"wp:featuredmedia":[{"embeddable":true,"href":"https:\/\/www.actualidadadiario.com\/index.php\/wp-json\/wp\/v2\/media\/22758"}],"wp:attachment":[{"href":"https:\/\/www.actualidadadiario.com\/index.php\/wp-json\/wp\/v2\/media?parent=22757"}],"wp:term":[{"taxonomy":"category","embeddable":true,"href":"https:\/\/www.actualidadadiario.com\/index.php\/wp-json\/wp\/v2\/categories?post=22757"},{"taxonomy":"post_tag","embeddable":true,"href":"https:\/\/www.actualidadadiario.com\/index.php\/wp-json\/wp\/v2\/tags?post=22757"}],"curies":[{"name":"wp","href":"https:\/\/api.w.org\/{rel}","templated":true}]}}