{"id":22754,"date":"2018-01-26T12:23:55","date_gmt":"2018-01-26T15:23:55","guid":{"rendered":"http:\/\/actualidadadiario.com\/site\/?p=22754"},"modified":"2018-11-06T19:49:02","modified_gmt":"2018-11-06T22:49:02","slug":"el-gobierno-avanza-hacia-la-privatizacion-de-dos-centrales-electricas","status":"publish","type":"post","link":"https:\/\/www.actualidadadiario.com\/index.php\/2018\/01\/26\/el-gobierno-avanza-hacia-la-privatizacion-de-dos-centrales-electricas\/","title":{"rendered":"El Gobierno avanza hacia la privatizaci\u00f3n de dos centrales el\u00e9ctricas"},"content":{"rendered":"<p><em><strong>Desde el Ejecutivo ordenaron vender los bienes y activos, as\u00ed como tambi\u00e9n transferir al personal contratado. Por su parte, el jefe del bloque de diputados nacionales del FpV-PJ, Agust\u00edn Rossi, denunci\u00f3 que &#8220;la generaci\u00f3n de energ\u00eda pasar\u00e1 a regirse por las reglas del mercado deslindando al Estado de cualquier tipo de intervenci\u00f3n\u201d<\/strong><\/em><\/p>\n<p>&nbsp;<\/p>\n<p>&nbsp;<\/p>\n<p>&nbsp;<\/p>\n<p>El Ministerio de Energ\u00eda y Miner\u00eda orden\u00f3 a los directorios de las empresas estatales Enarsa (Energ\u00eda Argentina SA) y Ebisa (Emprendimientos Energ\u00e9ticos Binacionales SA) &#8220;que impulsen y adopten todos los actos, acciones y recaudos societarios necesarios a fin de proceder a la fusi\u00f3n por absorci\u00f3n&#8221;.<\/p>\n<p>&nbsp;<\/p>\n<p>La resoluci\u00f3n publicada en el Bolet\u00edn Oficial, ordena adem\u00e1s a Enarsa a realizar todos los actos, acciones y gestiones necesarias para vender o transferir los bienes, activos y derechos correspondientes a las centrales t\u00e9rmicas Ensenada de Barrag\u00e1n (Buenos Aires) y Brigadier L\u00f3pez (Santa Fe), como tambi\u00e9n para transferir el personal y todos los contratos en ejecuci\u00f3n.<\/p>\n<p>&nbsp;<\/p>\n<p>Por su parte, el jefe del bloque de diputados nacionales del FpV-PJ, Agust\u00edn Rossi, cuestion\u00f3 la determinaci\u00f3n del Ejecutivo y advirti\u00f3 que &#8220;en poco tiempo, la producci\u00f3n energ\u00e9tica del pa\u00eds pasar\u00e1 a regirse en forma total por las reglas del mercado, deslindando al Estado de cualquier intervenci\u00f3n. \u00bfAs\u00ed pretende resolver los problemas energ\u00e9ticos, presidente?&#8221;.<\/p>\n<p>&nbsp;<\/p>\n<p>La resoluci\u00f3n detalla que la Subsecretar\u00eda de Coordinaci\u00f3n Administrativa de la cartera autoriz\u00f3 a fines de 2017 el llamado a concurso p\u00fablico para contratar un servicio de consultor\u00eda, a fin de evaluar y prestar el asesoramiento financiero integral en el dise\u00f1o y estructuraci\u00f3n del proceso de enajenaci\u00f3n de las acciones de Enarsa en Citelec.<\/p>\n<p>&nbsp;<\/p>\n<p>Ahora, la Secretar\u00eda de Energ\u00eda deber\u00e1 elevar al ministro Aranguren, en 120 d\u00edas, un proyecto de contrato de concesi\u00f3n para la generaci\u00f3n de energ\u00eda el\u00e9ctrica correspondiente a las centrales hidroel\u00e9ctricas santacruce\u00f1as C\u00f3ndor Cliff y La Barrancosa (ex Presidente N\u00e9stor Kirchner y Gobernador Jorge Cepernic), funci\u00f3n que hasta ahora reca\u00eda en Ebisa.<\/p>\n","protected":false},"excerpt":{"rendered":"<p>Desde el Ejecutivo ordenaron vender los bienes y activos, as\u00ed como tambi\u00e9n transferir al personal contratado. Por su parte, el jefe del bloque de diputados nacionales del FpV-PJ, Agust\u00edn Rossi, denunci\u00f3 que &#8220;la generaci\u00f3n de energ\u00eda pasar\u00e1 a regirse por las reglas del mercado deslindando al Estado de cualquier tipo de intervenci\u00f3n\u201d &nbsp; &nbsp; &nbsp; El Ministerio de Energ\u00eda y Miner\u00eda orden\u00f3 a los directorios de las empresas estatales Enarsa (Energ\u00eda Argentina SA) y Ebisa (Emprendimientos Energ\u00e9ticos Binacionales SA) &#8220;que impulsen y adopten todos los actos, acciones y recaudos societarios&#8230;<\/p>\n","protected":false},"author":3,"featured_media":22755,"comment_status":"closed","ping_status":"closed","sticky":false,"template":"","format":"standard","meta":[],"categories":[18],"tags":[],"_links":{"self":[{"href":"https:\/\/www.actualidadadiario.com\/index.php\/wp-json\/wp\/v2\/posts\/22754"}],"collection":[{"href":"https:\/\/www.actualidadadiario.com\/index.php\/wp-json\/wp\/v2\/posts"}],"about":[{"href":"https:\/\/www.actualidadadiario.com\/index.php\/wp-json\/wp\/v2\/types\/post"}],"author":[{"embeddable":true,"href":"https:\/\/www.actualidadadiario.com\/index.php\/wp-json\/wp\/v2\/users\/3"}],"replies":[{"embeddable":true,"href":"https:\/\/www.actualidadadiario.com\/index.php\/wp-json\/wp\/v2\/comments?post=22754"}],"version-history":[{"count":1,"href":"https:\/\/www.actualidadadiario.com\/index.php\/wp-json\/wp\/v2\/posts\/22754\/revisions"}],"predecessor-version":[{"id":22756,"href":"https:\/\/www.actualidadadiario.com\/index.php\/wp-json\/wp\/v2\/posts\/22754\/revisions\/22756"}],"wp:featuredmedia":[{"embeddable":true,"href":"https:\/\/www.actualidadadiario.com\/index.php\/wp-json\/wp\/v2\/media\/22755"}],"wp:attachment":[{"href":"https:\/\/www.actualidadadiario.com\/index.php\/wp-json\/wp\/v2\/media?parent=22754"}],"wp:term":[{"taxonomy":"category","embeddable":true,"href":"https:\/\/www.actualidadadiario.com\/index.php\/wp-json\/wp\/v2\/categories?post=22754"},{"taxonomy":"post_tag","embeddable":true,"href":"https:\/\/www.actualidadadiario.com\/index.php\/wp-json\/wp\/v2\/tags?post=22754"}],"curies":[{"name":"wp","href":"https:\/\/api.w.org\/{rel}","templated":true}]}}