{"id":22751,"date":"2018-01-26T12:23:01","date_gmt":"2018-01-26T15:23:01","guid":{"rendered":"http:\/\/actualidadadiario.com\/site\/?p=22751"},"modified":"2018-11-06T19:52:43","modified_gmt":"2018-11-06T22:52:43","slug":"una-celda-con-franco","status":"publish","type":"post","link":"https:\/\/www.actualidadadiario.com\/index.php\/2018\/01\/26\/una-celda-con-franco\/","title":{"rendered":"Una celda con Franco"},"content":{"rendered":"<p><em><strong>Luego de ser imputado, Hugo Moyano dijo que lo &#8220;atacan&#8221; porque no se &#8220;arrodilla ante nadie&#8221;. &#8220;Si tengo que ir preso, p\u00f3nganme al lado de la celda del padre de Macri&#8221;, dispar\u00f3 el l\u00edder de los camioneros<\/strong><\/em><\/p>\n<p>&nbsp;<\/p>\n<p>&nbsp;<\/p>\n<p>&nbsp;<\/p>\n<p>Hugo Moyano, apunt\u00f3 duro hoy contra el Gobierno y afirm\u00f3 que lo &#8220;atacan&#8221; porque no se &#8220;arrodilla ante nadie&#8221;, luego de haber sido imputado junto a su hijo Pablo en una causa por presunta asociaci\u00f3n il\u00edcita y fraude contra Independiente, el club que preside.<\/p>\n<p>&nbsp;<\/p>\n<p>&#8220;Siempre mantuve una postura, siempre junto al laburante: por eso ahora me tratan as\u00ed&#8221;, manifest\u00f3 en declaraciones al canal Cr\u00f3nica TV el sindicalista, quien organiza una marcha contra el Gobierno para el 22 de febrero.<\/p>\n<p>&nbsp;<\/p>\n<p>&#8220;Si tengo que ir preso, p\u00f3nganme al lado de la celda del padre de Macri&#8221;, solt\u00f3 el presidente de Independiente y desliz\u00f3 iron\u00edas sobre su situaci\u00f3n judicial: &#8220;Para usar casco, soy muy cabez\u00f3n&#8221;.<\/p>\n<p>&nbsp;<\/p>\n<p>Tambi\u00e9n dispar\u00f3 contra la diputada de Cambiemos Graciela Oca\u00f1a, quien hab\u00eda denunciado que Moyano derivaba dinero de la obra social a su patrimonio personal: &#8220;Hay una se\u00f1ora a la que hace veinticinco a\u00f1os que le venimos pagando el sueldo todos; y no ha hecho nada&#8230; yo no le digo \u00b4la Hormiguita\u00b4, le digo \u00b4la Cucaracha\u00b4&#8221;, sostuvo el ex jefe de la CGT.<\/p>\n<p>&nbsp;<\/p>\n<p>Y, sobre la legisladora, agreg\u00f3: &#8220;Esa se\u00f1ora no ha hecho nada en veinticinco a\u00f1os, lo \u00fanico que hizo fue denunciar a uno, denunciar a otro. Yo hace 27 a\u00f1os que podr\u00eda estar jubilado del gobierno de la Provincia y no lo hice. \u00bfQu\u00e9 autoridad tiene para hablar esa se\u00f1ora?&#8221;.<\/p>\n","protected":false},"excerpt":{"rendered":"<p>Luego de ser imputado, Hugo Moyano dijo que lo &#8220;atacan&#8221; porque no se &#8220;arrodilla ante nadie&#8221;. &#8220;Si tengo que ir preso, p\u00f3nganme al lado de la celda del padre de Macri&#8221;, dispar\u00f3 el l\u00edder de los camioneros &nbsp; &nbsp; &nbsp; Hugo Moyano, apunt\u00f3 duro hoy contra el Gobierno y afirm\u00f3 que lo &#8220;atacan&#8221; porque no se &#8220;arrodilla ante nadie&#8221;, luego de haber sido imputado junto a su hijo Pablo en una causa por presunta asociaci\u00f3n il\u00edcita y fraude contra Independiente, el club que preside. &nbsp; &#8220;Siempre mantuve una postura, siempre&#8230;<\/p>\n","protected":false},"author":3,"featured_media":22752,"comment_status":"closed","ping_status":"closed","sticky":false,"template":"","format":"standard","meta":[],"categories":[9,18],"tags":[],"_links":{"self":[{"href":"https:\/\/www.actualidadadiario.com\/index.php\/wp-json\/wp\/v2\/posts\/22751"}],"collection":[{"href":"https:\/\/www.actualidadadiario.com\/index.php\/wp-json\/wp\/v2\/posts"}],"about":[{"href":"https:\/\/www.actualidadadiario.com\/index.php\/wp-json\/wp\/v2\/types\/post"}],"author":[{"embeddable":true,"href":"https:\/\/www.actualidadadiario.com\/index.php\/wp-json\/wp\/v2\/users\/3"}],"replies":[{"embeddable":true,"href":"https:\/\/www.actualidadadiario.com\/index.php\/wp-json\/wp\/v2\/comments?post=22751"}],"version-history":[{"count":1,"href":"https:\/\/www.actualidadadiario.com\/index.php\/wp-json\/wp\/v2\/posts\/22751\/revisions"}],"predecessor-version":[{"id":22753,"href":"https:\/\/www.actualidadadiario.com\/index.php\/wp-json\/wp\/v2\/posts\/22751\/revisions\/22753"}],"wp:featuredmedia":[{"embeddable":true,"href":"https:\/\/www.actualidadadiario.com\/index.php\/wp-json\/wp\/v2\/media\/22752"}],"wp:attachment":[{"href":"https:\/\/www.actualidadadiario.com\/index.php\/wp-json\/wp\/v2\/media?parent=22751"}],"wp:term":[{"taxonomy":"category","embeddable":true,"href":"https:\/\/www.actualidadadiario.com\/index.php\/wp-json\/wp\/v2\/categories?post=22751"},{"taxonomy":"post_tag","embeddable":true,"href":"https:\/\/www.actualidadadiario.com\/index.php\/wp-json\/wp\/v2\/tags?post=22751"}],"curies":[{"name":"wp","href":"https:\/\/api.w.org\/{rel}","templated":true}]}}