{"id":22748,"date":"2018-01-26T12:22:11","date_gmt":"2018-01-26T15:22:11","guid":{"rendered":"http:\/\/actualidadadiario.com\/site\/?p=22748"},"modified":"2018-11-06T19:49:54","modified_gmt":"2018-11-06T22:49:54","slug":"federacion-agraria-advierte-que-pequenos-productores-vienen-perdiendo-por-goleada","status":"publish","type":"post","link":"https:\/\/www.actualidadadiario.com\/index.php\/2018\/01\/26\/federacion-agraria-advierte-que-pequenos-productores-vienen-perdiendo-por-goleada\/","title":{"rendered":"Federaci\u00f3n Agraria advierte que peque\u00f1os productores &#8220;vienen perdiendo por goleada&#8221;"},"content":{"rendered":"<p><em><strong>As\u00ed lo afirm\u00f3 el Consejo Directivo Central tras una reuni\u00f3n en Rosario<\/strong><\/em><\/p>\n<p>&nbsp;<\/p>\n<p>&nbsp;<\/p>\n<p>&nbsp;<\/p>\n<p>La Federaci\u00f3n Agraria Argentina\u00a0 (FAA) decidi\u00f3 impulsar una ronda de consulta con sus delegados de base para evaluar los pasos a seguir ya que su Consejo Directivo Central considera que \u201clos peque\u00f1os productores\u201d vienen \u201cperdiendo por goleada\u201d.<\/p>\n<p>&nbsp;<\/p>\n<p>Los integrantes del Consejo Directivo Central de la Federaci\u00f3n Agraria Argentina reunidos el jueves en Rosario coincidieron en un dif\u00edcil diagn\u00f3stico para los chacareros.<\/p>\n<p>&nbsp;<\/p>\n<p>\u201cEl presidente Macri le dijo a los CEOS de las multinacionales en Davos que \u00e9l corta el pasto para que ellos jueguen. Mientras tanto, los peque\u00f1os y medianos productores venimos perdiendo por\u00a0 goleada\u201d, sostuvieron. Y decidieron convocar en febrero y marzo a reuniones de las entidades de base federadas, para analizar los pasos a seguir.<\/p>\n<p>&nbsp;<\/p>\n<p>Los directores de FAA de todo el pa\u00eds advirtieron sobre el deterioro constante de los peque\u00f1os y medianos productores y\u00a0 ratificaron lo que la conducci\u00f3n de la entidad hab\u00eda planteado al ministro de Agroindustria, Luis Miguel Etchevehere, en audiencia a comienzos de enero.<\/p>\n<p>&nbsp;<\/p>\n<p>\u201cEl nivel de endeudamiento de chacareros con las cooperativas creci\u00f3 un 20 por ciento en un a\u00f1o, con tasas de inter\u00e9s alt\u00edsimas y el 85 por ciento de la actual campa\u00f1a de soja ya vendida por parte de los peque\u00f1os productores\u201d, dijeron en un comunicado.<\/p>\n<p>&nbsp;<\/p>\n<p>&nbsp;<\/p>\n<p>&nbsp;<\/p>\n<p>Adem\u00e1s se\u00f1alaron que \u201cdebemos agregar el problema de la p\u00e9rdida de rindes por una sequ\u00eda que persiste en la zona n\u00facleo\u201d. Destacaron que \u201c2017 cerr\u00f3 con menos cantidad de tamberos y ca\u00edda de exportaciones l\u00e1cteas.<\/p>\n<p>&nbsp;<\/p>\n<p>En las econom\u00edas regionales, podemos mencionar los casos de productores que venden la ciruela o el damasco a 2 pesos el kilo, muy por debajo de los costos para\u00a0 producir, o la crisis de la actividad azucarera, que llev\u00f3 al\u00a0 cierre del ingenio San Isidro\u201d, en Salta.<\/p>\n<p>&nbsp;<\/p>\n<p>Tambi\u00e9n se analizaron los aumentos de los combustibles en los \u00faltimos meses y se mencion\u00f3 que FAA ya solicit\u00f3 al gobierno nacional mecanismos para acceder a un gasoil con precio especial\u00a0 para el que produce.<\/p>\n<p>&nbsp;<\/p>\n<p>\u201cHace tiempo venimos pidiendo pol\u00edticas p\u00fablicas diferenciadas, con est\u00edmulos que reconozcan regi\u00f3n y escala, para poner\u00a0 equilibrio en una econom\u00eda cada vez m\u00e1s concentrada\u201d, precisaron.<\/p>\n<p>&nbsp;<\/p>\n<p>En este sentido, se analiz\u00f3 la reforma tributaria aprobada en diciembre \u00faltimo: \u201cLa carga impositiva era alta hasta ahora y lo que viene por delante es a\u00fan m\u00e1s dif\u00edcil. Y al mismo tiempo que nos alejan del cr\u00e9dito y nos suben costos y tarifas, abren m\u00e1s importaciones y nos piden que seamos competitivos\u201d.<\/p>\n<p>&nbsp;<\/p>\n<p>Por \u00faltimo, los directores de FAA plantearon la necesidad de instalar estos debates en la agenda p\u00fablica.<\/p>\n","protected":false},"excerpt":{"rendered":"<p>As\u00ed lo afirm\u00f3 el Consejo Directivo Central tras una reuni\u00f3n en Rosario &nbsp; &nbsp; &nbsp; La Federaci\u00f3n Agraria Argentina\u00a0 (FAA) decidi\u00f3 impulsar una ronda de consulta con sus delegados de base para evaluar los pasos a seguir ya que su Consejo Directivo Central considera que \u201clos peque\u00f1os productores\u201d vienen \u201cperdiendo por goleada\u201d. &nbsp; Los integrantes del Consejo Directivo Central de la Federaci\u00f3n Agraria Argentina reunidos el jueves en Rosario coincidieron en un dif\u00edcil diagn\u00f3stico para los chacareros. &nbsp; \u201cEl presidente Macri le dijo a los CEOS de las multinacionales en&#8230;<\/p>\n","protected":false},"author":3,"featured_media":22749,"comment_status":"closed","ping_status":"closed","sticky":false,"template":"","format":"standard","meta":[],"categories":[18],"tags":[],"_links":{"self":[{"href":"https:\/\/www.actualidadadiario.com\/index.php\/wp-json\/wp\/v2\/posts\/22748"}],"collection":[{"href":"https:\/\/www.actualidadadiario.com\/index.php\/wp-json\/wp\/v2\/posts"}],"about":[{"href":"https:\/\/www.actualidadadiario.com\/index.php\/wp-json\/wp\/v2\/types\/post"}],"author":[{"embeddable":true,"href":"https:\/\/www.actualidadadiario.com\/index.php\/wp-json\/wp\/v2\/users\/3"}],"replies":[{"embeddable":true,"href":"https:\/\/www.actualidadadiario.com\/index.php\/wp-json\/wp\/v2\/comments?post=22748"}],"version-history":[{"count":1,"href":"https:\/\/www.actualidadadiario.com\/index.php\/wp-json\/wp\/v2\/posts\/22748\/revisions"}],"predecessor-version":[{"id":22750,"href":"https:\/\/www.actualidadadiario.com\/index.php\/wp-json\/wp\/v2\/posts\/22748\/revisions\/22750"}],"wp:featuredmedia":[{"embeddable":true,"href":"https:\/\/www.actualidadadiario.com\/index.php\/wp-json\/wp\/v2\/media\/22749"}],"wp:attachment":[{"href":"https:\/\/www.actualidadadiario.com\/index.php\/wp-json\/wp\/v2\/media?parent=22748"}],"wp:term":[{"taxonomy":"category","embeddable":true,"href":"https:\/\/www.actualidadadiario.com\/index.php\/wp-json\/wp\/v2\/categories?post=22748"},{"taxonomy":"post_tag","embeddable":true,"href":"https:\/\/www.actualidadadiario.com\/index.php\/wp-json\/wp\/v2\/tags?post=22748"}],"curies":[{"name":"wp","href":"https:\/\/api.w.org\/{rel}","templated":true}]}}