{"id":22745,"date":"2018-01-26T12:21:14","date_gmt":"2018-01-26T15:21:14","guid":{"rendered":"http:\/\/actualidadadiario.com\/site\/?p=22745"},"modified":"2018-11-06T19:50:57","modified_gmt":"2018-11-06T22:50:57","slug":"los-alimentos-suben-10-por-el-dolar-y-las-naftas","status":"publish","type":"post","link":"https:\/\/www.actualidadadiario.com\/index.php\/2018\/01\/26\/los-alimentos-suben-10-por-el-dolar-y-las-naftas\/","title":{"rendered":"Los alimentos suben 10% por el d\u00f3lar y las naftas"},"content":{"rendered":"<p><em><strong>De la misma forma que comenzaron el a\u00f1o, los industriales de la alimentaci\u00f3n aumentaron hasta 10% diversos productos de la canasta familiar, en algunos casos muy sensibles, y esta suba ser\u00e1 trasladada desde el 1 de febrero tanto a las cadenas de hipermercados como a los supermercados mayoristas, en un contexto de suba del d\u00f3lar y de las naftas<\/strong><\/em><\/p>\n<p>&nbsp;<\/p>\n<p>&nbsp;<\/p>\n<p>&nbsp;<\/p>\n<p>&nbsp;<\/p>\n<p>Mientras el Ejecutivo insiste en una meta anual de inflaci\u00f3n de 15%, las compa\u00f1\u00edas industriales que dominan el mercado alimenticio -en varios de sus rubros- aprovecharon nuevamente para remarcar sus productos, que llegar\u00e1n a un 10 por ciento y sin dar razones a los supermercados, esto se ver\u00e1 en las g\u00f3ndolas los pr\u00f3ximos d\u00edas. Los bienes m\u00e1s significativos que incrementar\u00e1n sus precios son la leche fluida y en polvo, el aceite, harina, huevos, y productos de la marca Arcor, se\u00f1alaron ayer fuentes comerciales.<\/p>\n<p>&nbsp;<\/p>\n<p>&#8220;Est\u00e1n apareciendo listados para todos los gustos. Aunque no argumentan las razones, suponemos que es por efecto del d\u00f3lar y el incremento reciente en las naftas&#8221;, dijeron desde el sector del retail. El plan del gobierno sufrir\u00e1 otro impacto importante, luego de enero, frente a las expectativas oficiales de que los empresarios &#8220;pongan&#8221; su parte en la recuperaci\u00f3n de la econom\u00eda.<\/p>\n<p>&nbsp;<\/p>\n<p>Desde una cadena de hipermercados, como es costumbre, se limitaron a explicar que recibieron las listas de los proveedores y que inexorablemente los aumentos se materializar\u00e1n. Consultadas las fuentes, nuevamente la ausencia de razones concretas para remarcar precios es lo que domina la escena. Este aumento amplio, en un contexto de baja de tasas del BCRA y relajamiento de las metas de inflaci\u00f3n, pone otra vez en el tapete una discusi\u00f3n pendiente. Los formadores de precios, tanto la industria como los supermercados, siguen manejando el mercado y deciden cu\u00e1ndo y cu\u00e1nto aumentan los valores de los bienes.<\/p>\n","protected":false},"excerpt":{"rendered":"<p>De la misma forma que comenzaron el a\u00f1o, los industriales de la alimentaci\u00f3n aumentaron hasta 10% diversos productos de la canasta familiar, en algunos casos muy sensibles, y esta suba ser\u00e1 trasladada desde el 1 de febrero tanto a las cadenas de hipermercados como a los supermercados mayoristas, en un contexto de suba del d\u00f3lar y de las naftas &nbsp; &nbsp; &nbsp; &nbsp; Mientras el Ejecutivo insiste en una meta anual de inflaci\u00f3n de 15%, las compa\u00f1\u00edas industriales que dominan el mercado alimenticio -en varios de sus rubros- aprovecharon nuevamente&#8230;<\/p>\n","protected":false},"author":3,"featured_media":22746,"comment_status":"closed","ping_status":"closed","sticky":false,"template":"","format":"standard","meta":[],"categories":[2],"tags":[],"_links":{"self":[{"href":"https:\/\/www.actualidadadiario.com\/index.php\/wp-json\/wp\/v2\/posts\/22745"}],"collection":[{"href":"https:\/\/www.actualidadadiario.com\/index.php\/wp-json\/wp\/v2\/posts"}],"about":[{"href":"https:\/\/www.actualidadadiario.com\/index.php\/wp-json\/wp\/v2\/types\/post"}],"author":[{"embeddable":true,"href":"https:\/\/www.actualidadadiario.com\/index.php\/wp-json\/wp\/v2\/users\/3"}],"replies":[{"embeddable":true,"href":"https:\/\/www.actualidadadiario.com\/index.php\/wp-json\/wp\/v2\/comments?post=22745"}],"version-history":[{"count":1,"href":"https:\/\/www.actualidadadiario.com\/index.php\/wp-json\/wp\/v2\/posts\/22745\/revisions"}],"predecessor-version":[{"id":22747,"href":"https:\/\/www.actualidadadiario.com\/index.php\/wp-json\/wp\/v2\/posts\/22745\/revisions\/22747"}],"wp:featuredmedia":[{"embeddable":true,"href":"https:\/\/www.actualidadadiario.com\/index.php\/wp-json\/wp\/v2\/media\/22746"}],"wp:attachment":[{"href":"https:\/\/www.actualidadadiario.com\/index.php\/wp-json\/wp\/v2\/media?parent=22745"}],"wp:term":[{"taxonomy":"category","embeddable":true,"href":"https:\/\/www.actualidadadiario.com\/index.php\/wp-json\/wp\/v2\/categories?post=22745"},{"taxonomy":"post_tag","embeddable":true,"href":"https:\/\/www.actualidadadiario.com\/index.php\/wp-json\/wp\/v2\/tags?post=22745"}],"curies":[{"name":"wp","href":"https:\/\/api.w.org\/{rel}","templated":true}]}}